{"id":8615,"date":"2026-04-27T11:51:30","date_gmt":"2026-04-27T09:51:30","guid":{"rendered":"https:\/\/www.ub-comm.de\/?p=8615"},"modified":"2026-04-27T11:51:30","modified_gmt":"2026-04-27T09:51:30","slug":"fabian-dudek-mit-neuem-projekt-recent-und-eigenem-label-furusato-records","status":"publish","type":"post","link":"https:\/\/www.ub-comm.de\/?p=8615","title":{"rendered":"Fabian Dudek mit neuem Projekt Recent und eigenem Label Furusato Records"},"content":{"rendered":"<p>Mit <em>Recent<\/em> legt der K\u00f6lner <a href=\"https:\/\/spaces.hightail.com\/space\/gScOJMvqcC\"><img loading=\"lazy\" decoding=\"async\" src=\"https:\/\/www.ub-comm.de\/wp-content\/uploads\/2026\/04\/Cover-quadratisch-Fabian-Dudek-Recent-300x300.jpg\" alt=\"\" width=\"300\" height=\"300\" class=\"alignright size-medium wp-image-8616\" srcset=\"https:\/\/www.ub-comm.de\/wp-content\/uploads\/2026\/04\/Cover-quadratisch-Fabian-Dudek-Recent-300x300.jpg 300w, https:\/\/www.ub-comm.de\/wp-content\/uploads\/2026\/04\/Cover-quadratisch-Fabian-Dudek-Recent-1024x1024.jpg 1024w, https:\/\/www.ub-comm.de\/wp-content\/uploads\/2026\/04\/Cover-quadratisch-Fabian-Dudek-Recent-150x150.jpg 150w, https:\/\/www.ub-comm.de\/wp-content\/uploads\/2026\/04\/Cover-quadratisch-Fabian-Dudek-Recent-768x768.jpg 768w, https:\/\/www.ub-comm.de\/wp-content\/uploads\/2026\/04\/Cover-quadratisch-Fabian-Dudek-Recent-1536x1536.jpg 1536w, https:\/\/www.ub-comm.de\/wp-content\/uploads\/2026\/04\/Cover-quadratisch-Fabian-Dudek-Recent-2048x2048.jpg 2048w\" sizes=\"auto, (max-width: 300px) 100vw, 300px\" \/><\/a>Saxophonist und Komponist Fabian Dudek am 26.06.2026 ein Album vor, das sich konsequent dem Moment verschreibt. \u201eRecent\u201c ist zugleich Name der Band wie des Albums und beschreibt programmatisch Dudeks Arbeitsweise: \u201eIch arbeite stark im Moment \u2013 das ist Fluch und Segen zugleich, ich sehe meine Konzerte eher als Werkstatt: Man zeigt den aktuellen Stand, nichts ist endg\u00fcltig.\u201c<\/p>\n<p>Diese Haltung pr\u00e4gt auch die Entstehung des Albums, das auf einem Konzertmitschnitt des ersten gemeinsamen Auftritts der Band im Sommer 2023 im JAKI (Klub im Stadtgarten K\u00f6ln), basiert. Zwei Tage Proben, keine gewachsene Bandhistorie, daf\u00fcr maximale Pr\u00e4senz. \u201eEs war ein \u201afriss oder stirb\u2018-Moment: Es kann funktionieren oder eben nicht. Aber genau das hat zu dieser Energie gef\u00fchrt.\u201c<\/p>\n<p>Die Besetzung vereint vier profilierte Stimmen der europ\u00e4ischen Szene: <strong>Ruth Goller<\/strong> am E-Bass, <strong>Felix Hauptmann<\/strong> am Klavier, <strong>Leif Berger<\/strong> am Schlagzeug und <strong>Fabian Dudek<\/strong> am Saxophon. Die Konstellation entstand im Kontext von Dudeks F\u00f6rderung durch NICA artist development und markiert zugleich einen bewussten \u00e4sthetischen Schritt: weg vom Kontrabass, hin zum E-Bass als klanglichem Fundament: \u201eIch wollte mehr Punch, klarere Tonh\u00f6hen \u2013 und n\u00e4her an der Musik sein, die ich selbst viel geh\u00f6rt habe\u201c, so Dudek. Dass mit Ruth Goller eine Musikerin Teil des Ensembles wurde, mit der er zuvor nie gespielt hatte, verst\u00e4rkte den offenen Charakter zus\u00e4tzlich. Die Entscheidung, die Live-Aufnahme zu ver\u00f6ffentlichen, ist zentral: \u201eLive hat die Musik mehr Energie, mehr Risiko, mehr Spannung. Im Studio denkt man oft: Ich darf keinen Fehler machen. Live passiert alles gleichzeitig, mit Publikum, mit Adrenalin.\u201c<\/p>\n<div class=\"brlbs-cmpnt-container brlbs-cmpnt-content-blocker brlbs-cmpnt-with-individual-styles\" data-borlabs-cookie-content-blocker-id=\"youtube-content-blocker\" data-borlabs-cookie-content=\"PGlmcmFtZSB3aWR0aD0iNjQwIiBoZWlnaHQ9IjM2MCIgc3JjPSJodHRwczovL3d3dy55b3V0dWJlLW5vY29va2llLmNvbS9lbWJlZC9MdFRPbUcweDRROD9zaT1uLTRseWhRUmNpcXpCUFl3IiB0aXRsZT0iWW91VHViZSB2aWRlbyBwbGF5ZXIiIGZyYW1lYm9yZGVyPSIwIiBhbGxvdz0iYWNjZWxlcm9tZXRlcjsgYXV0b3BsYXk7IGNsaXBib2FyZC13cml0ZTsgZW5jcnlwdGVkLW1lZGlhOyBneXJvc2NvcGU7IHBpY3R1cmUtaW4tcGljdHVyZTsgd2ViLXNoYXJlIiByZWZlcnJlcnBvbGljeT0ic3RyaWN0LW9yaWdpbi13aGVuLWNyb3NzLW9yaWdpbiIgYWxsb3dmdWxsc2NyZWVuPjwvaWZyYW1lPg==\">\n<div class=\"brlbs-cmpnt-cb-preset-c brlbs-cmpnt-cb-youtube\">\n<div class=\"brlbs-cmpnt-cb-thumbnail\" style=\"background-image: url('https:\/\/www.ub-comm.de\/wp-content\/uploads\/borlabs-cookie\/1\/yt_LtTOmG0x4Q8_hqdefault.jpg')\"><\/div>\n<div class=\"brlbs-cmpnt-cb-main\">\n<div class=\"brlbs-cmpnt-cb-play-button\"><\/div>\n<div class=\"brlbs-cmpnt-cb-content\">\n<p class=\"brlbs-cmpnt-cb-description\">Sie sehen gerade einen Platzhalterinhalt von <strong>YouTube<\/strong>. Um auf den eigentlichen Inhalt zuzugreifen, klicken Sie auf die Schaltfl\u00e4che unten. Bitte beachten Sie, dass dabei Daten an Drittanbieter weitergegeben werden.<\/p>\n<p> <a class=\"brlbs-cmpnt-cb-provider-toggle\" href=\"#\" data-borlabs-cookie-show-provider-information role=\"button\">Mehr Informationen<\/a> <\/div>\n<div class=\"brlbs-cmpnt-cb-buttons\"> <a class=\"brlbs-cmpnt-cb-btn\" href=\"#\" data-borlabs-cookie-unblock role=\"button\">Inhalt entsperren<\/a> <a class=\"brlbs-cmpnt-cb-btn\" href=\"#\" data-borlabs-cookie-accept-service role=\"button\" style=\"display: inherit\">Erforderlichen Service akzeptieren und Inhalte entsperren<\/a> <\/div>\n<\/p><\/div>\n<\/p><\/div>\n<\/div>\n<p>Diese Unmittelbarkeit durchzieht das gesamte Album. Dudeks St\u00fccke basieren auf klaren, aber offenen Parametern: Rhythmus, Harmonie, Melodie und Form werden gesetzt, ohne die musikalische Entwicklung festzuschreiben. \u201eDie St\u00fccke geben eine Struktur vor, lassen aber maximalen Spielraum\u201c, beschreibt er. Statt dichter Verschachtelung entstehen flie\u00dfende Rhythmen und offene harmonische Felder: eine \u00c4sthetik, die den Fokus auf Flow legt und kollektive Dynamiken in den Vordergrund r\u00fcckt.<\/p>\n<p>Seit seiner Gr\u00fcndung im Sommer 2023 hat sich Recent auch live als innovatives Projekt etabliert: unter anderem mit Auftritten im BIMHUIS Amsterdam oder beim Tampere Jazz Happening. Weitere Impulse setzten Urauff\u00fchrungen von Dudeks Kompositionen wie \u201eEMPIRE\u201c (ACHT BR\u00dcCKEN \u2013 Musik f\u00fcr K\u00f6ln) und jene im Konzerthaus Berlin im Januar 2025.<\/p>\n<p>Dass Dudek mit dieser Handschrift eine eigenst\u00e4ndige Position einnimmt, zeigen auch seine j\u00fcngst zur\u00fcckliegenden Ver\u00f6ffentlichungen: Anfang 2024 wurde er mit seinem Album <em>Protecting A Picture That&#8217;s Fading<\/em> f\u00fcr den Preis der Deutschen Schallplattenkritik nominiert, die Titelkomposition zudem f\u00fcr den Deutschen Jazzpreis 2024 in der Kategorie \u201eKomposition\/Arrangement\u201c. Mit <strong>This Every Place<\/strong> (feat. Ingrid Laubrock) unterstreicht er dar\u00fcber hinaus die Dringlichkeit seines k\u00fcnstlerischen Ansatzes und seine klare Verortung in der Gegenwart.<\/p>\n<p>Fabian Dudek versteht sein k\u00fcnstlerisches Arbeiten als offenes System: Neben dem Albumcover, das aus einer improvisierten Mal-Session im Studio des Fotografen Niclas Weber hervorgegangen ist, hat er gemeinsam mit Esther Weickel das Label FURUSATO Records gegr\u00fcndet, eine Plattform f\u00fcr Austausch, Experimente und unabh\u00e4ngige Produktion. \u201eEin Raum f\u00fcr neue Ideen \u2013 \u00fcber mich selbst hinaus\u201c, beschreibt er diesen Schritt. <em>Recent<\/em> ist die erste Ver\u00f6ffentlichung des neuen Labels.<\/p>\n<p>Aufnahme: Stefan Rauch live at JAKI, Klub im Stadtgarten, Mixing &#038; Mastering: Alexander Parzhuber, Artwork: Fabian Dudek, Cover-Photography: Niclas Weber<\/p>\n<p style=\"text-align: center;\"><strong>Besetzung:<\/strong><br \/>\nFabian Dudek \u2013 Saxophon, Komposition<br \/>\nFelix Hauptmann \u2013 Klavier, Synthesizer<br \/>\nRuth Goller \u2013 E-Bass, Stimme<br \/>\nLeif Berger \u2013 Schlagzeug<\/p>\n<p>Weitere Informationen: <a href=\"https:\/\/fabiandudek.de\/\" target=\"_blank\">https:\/\/fabiandudek.de\/<\/a><\/p>\n<p><strong>Mehr \u00fcber Furusato Records:<\/strong><\/p>\n<p>Mit ihrem frisch gegr\u00fcndeten Label Furusato Records schaffen der Saxophonist und Komponist Fabian Dudek und die Kulturt\u00e4tige Esther Weickel eine genre\u00fcbergreifende Plattform, die auf Offenheit in k\u00fcnstlerischer Praxis und \u00e4sthetischer Ausrichtung basiert. Sie legen sich bewusst nicht auf bestimmte Klangsprachen, Produktionsweisen oder Szenecodes fest, sondern erm\u00f6glichen und f\u00f6rdern unterschiedliche musikalische Ans\u00e4tze nebeneinander.<\/p>\n<p>Im Zentrum ihrer Arbeit steht die enge Zusammenarbeit mit den K\u00fcnstler:innen. Dudek und Weickel entwickeln, hinterfragen und erweitern gemeinsam mit ihnen musikalische Ideen, \u00fcber einzelne Ver\u00f6ffentlichungen hinaus. Dabei denken sie auch immer mit, wie diese Musik ihr Publikum erreichen kann, ohne einheitliche Wege vorzugeben. Stattdessen lassen sie vielf\u00e4ltige Formate entstehen: von Konzerten bis hin zu anderen Pr\u00e4sentationsformen, die Zug\u00e4nglichkeit und Teilhabe jeweils neu definieren.<\/p>\n<p>Fabian Dudek ist f\u00fcr seinen grenz\u00fcberschreitenden Ansatz in Improvisation und zeitgen\u00f6ssischer Musik bekannt, in dem sich Fragilit\u00e4t, Offenheit und konzeptionelles Arbeiten verbinden. Esther Weickel realisiert und vermittelt k\u00fcnstlerische Prozesse und macht sie sichtbar. In ihrer Zusammenarbeit treffen eine forschende musikalische Praxis und ein strukturelles Verst\u00e4ndnis von Produktion und Kontextualisierung aufeinander \u2013 und erg\u00e4nzen sich produktiv.<\/p>\n<p><strong>Fabian Dudek<\/strong><br \/>\nDas neue Album: <em>Recent<\/em><br \/>\nV\u00d6: 26.06.2026<br \/>\nLabel: Furusato Records<br \/>\nVertrieb: tba<br \/>\nFormate: CD, LP, digital<br \/>\nKatalognummer CD: FU-001-CD<br \/>\nUPC CD: 4020796504090<br \/>\nLC: 102584<\/p>\n<p><strong>Siehe auch:<\/strong><br \/>\nFabian Dudek &#8211; <em>Isolated Flowers<\/em> (2022):<br \/>\n<a href=\"https:\/\/www.ub-comm.de\/?p=6371\" target=\"_blank\">https:\/\/www.ub-comm.de\/?p=6371<\/a><\/p>\n<p>Fabian Dudek \/ La Campagne &#8211; <em>Protecting A Picture That&#8217;s Fading<\/em> (2023):<br \/>\n<a href=\"https:\/\/www.ub-comm.de\/?p=7284\" target=\"_blank\">https:\/\/www.ub-comm.de\/?p=7284<\/a><\/p>\n<p>Fabian Dudek &#8211; <em>This Every Place<\/em> (2025):<br \/>\n<a href=\"https:\/\/www.ub-comm.de\/?p=8056\" target=\"_blank\">https:\/\/www.ub-comm.de\/?p=8056<\/a><\/p>\n","protected":false},"excerpt":{"rendered":"<p>Mit Recent legt der K\u00f6lner Saxophonist und Komponist Fabian Dudek am 26.06.2026 ein Album vor, das sich konsequent dem Moment verschreibt. \u201eRecent\u201c ist zugleich Name der Band wie des Albums und beschreibt programmatisch Dudeks Arbeitsweise: \u201eIch arbeite stark im Moment \u2013 das ist Fluch und Segen zugleich, ich sehe meine Konzerte eher als Werkstatt: Man zeigt den aktuellen Stand, nichts ist endg\u00fcltig.\u201c Diese Haltung pr\u00e4gt auch die Entstehung des Albums, &hellip; <a href=\"https:\/\/www.ub-comm.de\/?p=8615\">Weiterlesen <span class=\"meta-nav\">&rarr;<\/span><\/a><\/p>\n","protected":false},"author":3,"featured_media":8616,"comment_status":"closed","ping_status":"open","sticky":false,"template":"","format":"standard","meta":{"footnotes":""},"categories":[1],"tags":[2027,7826,6156,6159,7822,7824,111,447,7823,7821,7825,7819,7820,7827],"class_list":["post-8615","post","type-post","status-publish","format-standard","has-post-thumbnail","hentry","category-news-tour-dates","tag-deutscher-jazzpreis","tag-experiment","tag-fabian-dudek","tag-felix-hauptmann","tag-furusato-records","tag-jaki","tag-jazz","tag-koln","tag-label","tag-leif-berger","tag-offene-parameter","tag-recent","tag-ruth-goller","tag-unabhaendig"],"_links":{"self":[{"href":"https:\/\/www.ub-comm.de\/index.php?rest_route=\/wp\/v2\/posts\/8615","targetHints":{"allow":["GET"]}}],"collection":[{"href":"https:\/\/www.ub-comm.de\/index.php?rest_route=\/wp\/v2\/posts"}],"about":[{"href":"https:\/\/www.ub-comm.de\/index.php?rest_route=\/wp\/v2\/types\/post"}],"author":[{"embeddable":true,"href":"https:\/\/www.ub-comm.de\/index.php?rest_route=\/wp\/v2\/users\/3"}],"replies":[{"embeddable":true,"href":"https:\/\/www.ub-comm.de\/index.php?rest_route=%2Fwp%2Fv2%2Fcomments&post=8615"}],"version-history":[{"count":5,"href":"https:\/\/www.ub-comm.de\/index.php?rest_route=\/wp\/v2\/posts\/8615\/revisions"}],"predecessor-version":[{"id":8622,"href":"https:\/\/www.ub-comm.de\/index.php?rest_route=\/wp\/v2\/posts\/8615\/revisions\/8622"}],"wp:featuredmedia":[{"embeddable":true,"href":"https:\/\/www.ub-comm.de\/index.php?rest_route=\/wp\/v2\/media\/8616"}],"wp:attachment":[{"href":"https:\/\/www.ub-comm.de\/index.php?rest_route=%2Fwp%2Fv2%2Fmedia&parent=8615"}],"wp:term":[{"taxonomy":"category","embeddable":true,"href":"https:\/\/www.ub-comm.de\/index.php?rest_route=%2Fwp%2Fv2%2Fcategories&post=8615"},{"taxonomy":"post_tag","embeddable":true,"href":"https:\/\/www.ub-comm.de\/index.php?rest_route=%2Fwp%2Fv2%2Ftags&post=8615"}],"curies":[{"name":"wp","href":"https:\/\/api.w.org\/{rel}","templated":true}]}}