{"id":8405,"date":"2025-11-12T09:58:59","date_gmt":"2025-11-12T08:58:59","guid":{"rendered":"https:\/\/www.ub-comm.de\/?p=8405"},"modified":"2026-01-30T09:59:35","modified_gmt":"2026-01-30T08:59:35","slug":"shake-stew-mit-doppelalbum-zum-10-jubilaeum-im-februar-2026","status":"publish","type":"post","link":"https:\/\/www.ub-comm.de\/?p=8405","title":{"rendered":"Shake Stew mit Doppelalbum zum 10. Jubil\u00e4um im Februar 2026"},"content":{"rendered":"<p>Kaum eine andere Band hat die mitteleurop\u00e4ische <a href=\"https:\/\/spaces.hightail.com\/space\/JGZFdfbRgp\"><img loading=\"lazy\" decoding=\"async\" src=\"https:\/\/www.ub-comm.de\/wp-content\/uploads\/2025\/11\/Cover-Shake-Stew-TEN-ONE-TWO-1200x1200-1-300x300.jpg\" alt=\"\" width=\"300\" height=\"300\" class=\"alignright size-medium wp-image-8417\" srcset=\"https:\/\/www.ub-comm.de\/wp-content\/uploads\/2025\/11\/Cover-Shake-Stew-TEN-ONE-TWO-1200x1200-1-300x300.jpg 300w, https:\/\/www.ub-comm.de\/wp-content\/uploads\/2025\/11\/Cover-Shake-Stew-TEN-ONE-TWO-1200x1200-1-1024x1024.jpg 1024w, https:\/\/www.ub-comm.de\/wp-content\/uploads\/2025\/11\/Cover-Shake-Stew-TEN-ONE-TWO-1200x1200-1-150x150.jpg 150w, https:\/\/www.ub-comm.de\/wp-content\/uploads\/2025\/11\/Cover-Shake-Stew-TEN-ONE-TWO-1200x1200-1-768x768.jpg 768w, https:\/\/www.ub-comm.de\/wp-content\/uploads\/2025\/11\/Cover-Shake-Stew-TEN-ONE-TWO-1200x1200-1.jpg 1200w\" sizes=\"auto, (max-width: 300px) 100vw, 300px\" \/><\/a>Jazzszene in den letzten Jahren so auf den Kopf gestellt wie Shake Stew. W\u00e4hrend <em>Die ZEIT<\/em> sie als \u201e\u00d6sterreichs Jazzband der Stunde\u201c bezeichnete und sie der <em>NDR<\/em> schon fr\u00fch in den Status einer \u201eKultband\u201c erhob, ist sp\u00e4testens seit der Verleihung des Amadeus Music Awards 2023 und des Deutschen Jazzpreises 2021 in der Kategorie \u201eBand des Jahres International\u201c klar: Hier ist etwas ins Rollen gekommen, das es in dieser Form noch nicht gegeben hat. Und es macht keine Anstalten, langsamer zu werden!<\/p>\n<p>Shake Stew feiert 2026 das zehnj\u00e4hrige Jubil\u00e4um mit einem angemessenen musikalischen Spektakel: dem dreiteiligen Albumprojekt TEN ONE TWO THREE. Die ersten beiden Teile erscheinen unter dem Titel <em>TEN ONE TWO<\/em> am 13.02.2026, das die Trilogie abschlie\u00dfende Album folgt im Herbst 2026.<\/p>\n<p>Zu Beginn des TEN-Projekts stand ein ganz gro\u00dfer Wunsch: Endlich einmal m\u00f6glichst alle klanglichen und \u00e4sthetischen Facetten von Shake Stew auf einem Album abzubilden. Nicht in Form eines zur\u00fcckschauenden Best-Ofs, sondern den Blick weit und freudig nach vorne gerichtet, was sich auch in der Besetzung zeigt: Mit Yvonne Moriel st\u00f6\u00dft eine der spannendsten Newcomerinnen der Szene mit einer frischen Klangfarbe zur Band.<\/p>\n<p>T<strong>EN ONE:<\/strong><br \/>\nDer erste Teil <em>TEN ONE<\/em> verfolgt den bisherigen Ansatz von Shake Stew weiter und versammelt ausschlie\u00dflich neue Kompositionen von Lukas Kranzelbinder. Die Musik spannt dabei einen Bogen von Shake Stew-typischen verdoppelten Kontrabassl\u00e4ufen und tranceartig aufgehenden Bl\u00e4serwolken \u00fcber treibende Grooves bis hin zu ausgedehnten Solopassagen, welche sich mit eindringlichen Themenmelodien abwechseln. Um dem vielf\u00e4ltigen Instrumentarium der Band auch klanglich eine weitere Facette hinzuzuf\u00fcgen, wurde das Tontechnik-Team f\u00fcr diese Produktion deutlich erweitert. W\u00e4hrend St\u00fccke wie \u201eWood\u201c, \u201eAscendance\u201c und \u201eGarage\u201c die akustischen Aspekte von Shake Stew widerspiegeln, wird das doppelt besetzte Schlagzeug auf \u201eBakunawa\u201c und \u201eSearching\u201c in Soundebenen gebettet, die den Raum f\u00fcr neue Klangwelten noch weiter \u00f6ffnen.<\/p>\n<div class=\"brlbs-cmpnt-container brlbs-cmpnt-content-blocker brlbs-cmpnt-with-individual-styles\" data-borlabs-cookie-content-blocker-id=\"youtube-content-blocker\" data-borlabs-cookie-content=\"PGlmcmFtZSB3aWR0aD0iNjQwIiBoZWlnaHQ9IjM2MCIgc3JjPSJodHRwczovL3d3dy55b3V0dWJlLW5vY29va2llLmNvbS9lbWJlZC9qUzl1WjlFWm5zRT9zaT1NenBsVV9JTklLMkNYX1JCIiB0aXRsZT0iWW91VHViZSB2aWRlbyBwbGF5ZXIiIGZyYW1lYm9yZGVyPSIwIiBhbGxvdz0iYWNjZWxlcm9tZXRlcjsgYXV0b3BsYXk7IGNsaXBib2FyZC13cml0ZTsgZW5jcnlwdGVkLW1lZGlhOyBneXJvc2NvcGU7IHBpY3R1cmUtaW4tcGljdHVyZTsgd2ViLXNoYXJlIiByZWZlcnJlcnBvbGljeT0ic3RyaWN0LW9yaWdpbi13aGVuLWNyb3NzLW9yaWdpbiIgYWxsb3dmdWxsc2NyZWVuPjwvaWZyYW1lPg==\">\n<div class=\"brlbs-cmpnt-cb-preset-c brlbs-cmpnt-cb-youtube\">\n<div class=\"brlbs-cmpnt-cb-thumbnail\" style=\"background-image: url('https:\/\/www.ub-comm.de\/wp-content\/uploads\/borlabs-cookie\/1\/yt_jS9uZ9EZnsE_hqdefault.jpg')\"><\/div>\n<div class=\"brlbs-cmpnt-cb-main\">\n<div class=\"brlbs-cmpnt-cb-play-button\"><\/div>\n<div class=\"brlbs-cmpnt-cb-content\">\n<p class=\"brlbs-cmpnt-cb-description\">Sie sehen gerade einen Platzhalterinhalt von <strong>YouTube<\/strong>. Um auf den eigentlichen Inhalt zuzugreifen, klicken Sie auf die Schaltfl\u00e4che unten. Bitte beachten Sie, dass dabei Daten an Drittanbieter weitergegeben werden.<\/p>\n<p> <a class=\"brlbs-cmpnt-cb-provider-toggle\" href=\"#\" data-borlabs-cookie-show-provider-information role=\"button\">Mehr Informationen<\/a> <\/div>\n<div class=\"brlbs-cmpnt-cb-buttons\"> <a class=\"brlbs-cmpnt-cb-btn\" href=\"#\" data-borlabs-cookie-unblock role=\"button\">Inhalt entsperren<\/a> <a class=\"brlbs-cmpnt-cb-btn\" href=\"#\" data-borlabs-cookie-accept-service role=\"button\" style=\"display: inherit\">Erforderlichen Service akzeptieren und Inhalte entsperren<\/a> <\/div>\n<\/p><\/div>\n<\/p><\/div>\n<\/div>\n<p>Die mittlerweile zum Signature-Sound der Band geh\u00f6renden Log Drums auf \u201eTristan Junk\u201c, einer Kooperation mit dem Gitarristen und Produzenten JJ Whitefield, vervollst\u00e4ndigen gemeinsam mit dem herrlich krautigen \u201eCaf\u00e9 San Marco\u201c den gut 45 Minuten langen ersten Teil des Doppelalbums.<\/p>\n<p><strong>TEN TWO<\/strong>:<br \/>\n<em>TEN TWO<\/em> schl\u00e4gt ein neues Kapitel in der Aufnahmehistorie der Band auf. In mehreren Sessions wurde der Band jener Raum geboten, den sie sonst meist nur bei ausgedehnten Live-Konzerten genie\u00dft: Mit all dem \u00fcber ein Jahrzehnt gesammelten musikalischen Vokabular, jedoch g\u00e4nzlich ohne Limitierung, miteinander musizieren zu k\u00f6nnen. Lukas Kranzelbinder sagt dazu: \u201eWenn man so viele Konzerte spielt und so viele Alben aufnimmt, dann entwickelt sich mit der Zeit ein blindes Verst\u00e4ndnis daf\u00fcr, was den Bandsound ausmacht \u2013 da braucht es dann oft gar keine kompositorischen Vorgaben von mir, weil eh jeder sp\u00fcrt, wo die Reise hingeht. F\u00fcr mich war es der gr\u00f6\u00dfte Wunsch, die einzelnen Stimmen und Ideen meiner Mitmusiker*innen auf unserem Jubil\u00e4umsalbum noch deutlicher h\u00f6rbar zu machen. \u00dcber den \u00e4sthetischen Rahmen herrschte nach all den Jahren unausgesprochene Einigkeit, weshalb wir uns musikalisch v\u00f6llig frei bewegen konnten. Das war ein gro\u00dfes Vergn\u00fcgen!\u201c<\/p>\n<div id=\"attachment_8406\" style=\"width: 650px\" class=\"wp-caption aligncenter\"><a href=\"https:\/\/www.ub-comm.de\/wp-content\/uploads\/2025\/11\/Pressephoto-01-lo-res-Shake-Stew-c-Victoria-Nazarova-scaled.jpg\"><img loading=\"lazy\" decoding=\"async\" aria-describedby=\"caption-attachment-8406\" class=\"size-large wp-image-8406\" src=\"https:\/\/www.ub-comm.de\/wp-content\/uploads\/2025\/11\/Pressephoto-01-lo-res-Shake-Stew-c-Victoria-Nazarova-1024x683.jpg\" alt=\"\" width=\"640\" height=\"427\" srcset=\"https:\/\/www.ub-comm.de\/wp-content\/uploads\/2025\/11\/Pressephoto-01-lo-res-Shake-Stew-c-Victoria-Nazarova-1024x683.jpg 1024w, https:\/\/www.ub-comm.de\/wp-content\/uploads\/2025\/11\/Pressephoto-01-lo-res-Shake-Stew-c-Victoria-Nazarova-300x200.jpg 300w, https:\/\/www.ub-comm.de\/wp-content\/uploads\/2025\/11\/Pressephoto-01-lo-res-Shake-Stew-c-Victoria-Nazarova-768x512.jpg 768w, https:\/\/www.ub-comm.de\/wp-content\/uploads\/2025\/11\/Pressephoto-01-lo-res-Shake-Stew-c-Victoria-Nazarova-1536x1025.jpg 1536w, https:\/\/www.ub-comm.de\/wp-content\/uploads\/2025\/11\/Pressephoto-01-lo-res-Shake-Stew-c-Victoria-Nazarova-2048x1366.jpg 2048w\" sizes=\"auto, (max-width: 640px) 100vw, 640px\" \/><\/a><p id=\"caption-attachment-8406\" class=\"wp-caption-text\">Shake Stew<br \/>(Photo Credit: Victoria Nazarova)<\/p><\/div>\n<p>Zus\u00e4tzlich zur \u00d6ffnung des musikalischen Fahrplans wurden mit Hilfe des erweiterten Teams auch die Aufnahmetechniken stark variiert. Unterschiedliche Besetzungen wurden in verschiedenen R\u00e4umen aufgenommen, Solo- und Duoaufnahmen wurden als Basis f\u00fcr weitere Kollektivst\u00fccke genutzt \u2013 dem kreativen Fluss sollten keine Grenzen gesetzt werden. Am Ende dieser Sessions stand die Herausforderung, das gesammelte Material in eine sinnvolle Form zu bringen. Nach anf\u00e4nglichen Bedenken in Kranzelbinders Umfeld ist er mit dem Resultat sehr gl\u00fccklich: \u201eMeine Idee von einem Album, in dem all diese verschiedenen Aspekte zusammenkommen, stie\u00df bei vielen zun\u00e4chst auf Skepsis. W\u00e4hrend der Sessions gab es immer wieder den Moment, wo die anderen nicht glauben konnten, dass das, was wir hier machen, auf einem Shake Stew-Album Platz hat. Das Ergebnis entspricht aber genau dem, was ich mir von Beginn an gew\u00fcnscht und woran ich auch immer geglaubt habe: Wenn sich der rote Shake Stew Faden durch den Prozess zieht, dann sind der Art der Klangwelten keine Grenzen gesetzt.\u201c<\/p>\n<div class=\"brlbs-cmpnt-container brlbs-cmpnt-content-blocker brlbs-cmpnt-with-individual-styles\" data-borlabs-cookie-content-blocker-id=\"bandcamp\" data-borlabs-cookie-content=\"PGlmcmFtZSBzdHlsZT0iYm9yZGVyOiAwOyB3aWR0aDogMTAwJTsgaGVpZ2h0OiAxMjBweDsiIHNyYz0iaHR0cHM6Ly9iYW5kY2FtcC5jb20vRW1iZWRkZWRQbGF5ZXIvYWxidW09MzIxMzY1MTExL3NpemU9bGFyZ2UvYmdjb2w9ZmZmZmZmL2xpbmtjb2w9MDY4N2Y1L3RyYWNrbGlzdD1mYWxzZS9hcnR3b3JrPXNtYWxsL3RyYWNrPTcyNTA0NTM3OC90cmFuc3BhcmVudD10cnVlLyIgc2VhbWxlc3M+PGEgaHJlZj0iaHR0cHM6Ly9zaGFrZXN0ZXcuYmFuZGNhbXAuY29tL2FsYnVtL3Rlbi1vbmUtdHdvIj5URU4gT05FIFRXTyB2b24gU2hha2UgU3RldzwvYT48L2lmcmFtZT4=\">\n<div class=\"brlbs-cmpnt-cb-preset-a\">\n<p class=\"brlbs-cmpnt-cb-description\">Sie sehen gerade einen Platzhalterinhalt von <strong>Bandcamp<\/strong>. Um auf den eigentlichen Inhalt zuzugreifen, klicken Sie auf den Button unten. Bitte beachten Sie, dass dabei Daten an Drittanbieter weitergegeben werden.<\/p>\n<div class=\"brlbs-cmpnt-cb-buttons\"> <a class=\"brlbs-cmpnt-cb-btn\" href=\"#\" data-borlabs-cookie-unblock role=\"button\">Inhalt entsperren<\/a> <a class=\"brlbs-cmpnt-cb-btn\" href=\"#\" data-borlabs-cookie-accept-service role=\"button\" style=\"display: inherit\">Erforderlichen Service akzeptieren und Inhalte entsperren<\/a> <\/div>\n<p> <a class=\"brlbs-cmpnt-cb-provider-toggle\" href=\"#\" data-borlabs-cookie-show-provider-information role=\"button\">Weitere Informationen<\/a> <\/div>\n<\/div>\n<p>W\u00e4hrend das von Kranzelbinder komponierte und dem gro\u00dfen Don Cherry sowie David Lynch gewidmete St\u00fcck \u201eCherry Pie\u201c noch als eine Art Br\u00fccke fungiert, taucht man als Zuh\u00f6rer*in bei \u201eThe Green Beauty of the Broken World\u201c voll in die von Oliver Potratz am Fender Bass VI und Niki Dolp an den Drums erschaffenen Soundfl\u00e4chen ein. Diese erweitern sich im Laufe des Tracks zu einem Quintett mit Yvonne Moriel, Mario Rom und Lukas Kranzelbinder, um im Folgest\u00fcck \u201eCabanes\/Castellon\u201c von einem Log Drum und Schlagzeug-Duo zwischen Niki Dolp und Herbert Pirker abgel\u00f6st zu werden.<\/p>\n<p>Der dazugeh\u00f6rige Prozess ist stellvertretend f\u00fcr die spontan entwickelte Arbeitsweise von <em>TEN TWO<\/em>: Aus mehreren Duo-Aufnahmen der beiden Musiker wurde mit Hilfe von Pablo Herrasti-Fajardo die Ausgangsbasis f\u00fcr umfangreiche Fl\u00f6ten- und Saxofonimprovisationen von Johannes Schleiermacher geschaffen, die immer wieder durch die perkussiven Kl\u00e4nge des \u00f6rtlichen Eisenkrans und den ihn umgebenden Zikadenkl\u00e4ngen erg\u00e4nzt wurden.<\/p>\n<p>\u201eIbdiss\u201c und \u201eFree your Eyes\u201c zeichnen das Bild einer Band, die wie kaum eine andere in spontan erschaffene, ekstatische und tranceartige Sph\u00e4ren abheben kann. Die gro\u00dfe CAN-Liebe einiger Bandmitglieder ist hier deutlich sp\u00fcrbar. \u201eKing of Thieves\u201c ist das zweite von Kranzelbinder komponierte St\u00fcck dieses Albumabschnitts und stellt dabei einen kontrastreichen Wechsel hin zum akustischen Kontrabass dar. Im darauffolgenden \u201eTiger\u201c treffen die Kl\u00e4nge der marokkanischen Basslaute Gimbri auf modulare Synthesizer, um schlie\u00dflich mit \u201eSergio St. Carlos\u201c einen durchdringenden Schlusspunkt zu setzen. Zumindest bis TEN THREE im Herbst 2026 erscheinen wird.<\/p>\n<p><strong>Hintergrund:<\/strong><br \/>\nSchon von Beginn an umgab die vom Bassisten und Komponisten Lukas Kranzelbinder ins Leben gerufene Formation etwas Mystisches, das im Live-Konzert eine ungemein soghafte Wirkung entfacht, der sich die wenigsten entziehen k\u00f6nnen: \u201eDie unausgesprochenen Zauberworte hei\u00dfen Magie und Energie \u2013 Shake Stew bringt etwas Kultisches in den aktuellen Jazz, eine Bereicherung!\u201c schreibt die Jury des Preis der deutschen Schallplattenkritik in ihrer Begr\u00fcndung f\u00fcr die Aufnahme in die Bestenliste 2020 und das britische Magazin <em>MOJO<\/em> wird noch eine Spur k\u00f6rperlicher: \u201eAble to blind you into a trance and make you dance to your knees, Shake Stew twists, blisters and burns like a fevered dream!\u201c<\/p>\n<p>Trotz ihrer ungew\u00f6hnlichen Besetzung mit zwei Schlagzeugen, zwei B\u00e4ssen und drei Bl\u00e4sern schafft es die Band immer wieder, ihre Zuh\u00f6rer*innen aller Altersklassen auf eine unglaublich direkte Weise zu erwischen \u2013 ganz egal ob vor stehendem Publikum im vollgepackten Club oder im ausverkauften Gro\u00dfen Saal des Wiener Konzerthauses. \u201eMan muss Jazz nicht m\u00f6gen, um Shake Stew zu lieben: Die Band um Lukas Kranzelbinder ist von Kopf bis Fu\u00df auf Ekstase eingestellt. Oder frei nach Nietzsche: Das ist keine Musik, sondern Dynamit!\u201c (<em>Wiener Zeitung<\/em>). Hypnotische Soundfl\u00e4chen und treibende Rhythmen pr\u00e4gten von Beginn an den Sound der Band, doch gerade wenn man glaubt, die Zauberformel dieses musikalischen Eintopfs entziffert zu haben, zeigt Shake Stew die ganze klangliche Bandbreite seiner einzigartigen Instrumentierung auf: An der Grenze zur absoluten Stille entstehen wie aus dem Nichts beschworene Klanggebilde, die auf trance-artig wiederholten Basslinien und Gong-Patterns dahinperlen und einen in ihrer Ruhe und Fragilit\u00e4t mindestens genauso tief ber\u00fchren, wie die vorangegangenen Groove-Explosionen.<\/p>\n<p>\u201eEtwas geht von dieser Band aus, das neu und besonders ist \u2013 und ungemein attraktiv,\u201c schrieb <em>Die ZEIT<\/em> in ihrer Analyse, und nach zehn Jahren, zahllosen Konzerten von Europa bis \u00dcbersee und sieben bisherigen Alben ist klar: Shake Stew ist l\u00e4ngst mehr als eine Jazzband \u2013 sie ist ein Ereignis.<\/p>\n<p><strong>Besetzung:<\/strong><br \/>\nLukas Kranzelbinder: Bass, Gimbri, Bandleader<br \/>\nYvonne Moriel: Alt-Saxofon<br \/>\nMario Rom: Trompete<br \/>\nJohannes Schleiermacher: Tenor Saxofon, Fl\u00f6te<br \/>\nOliver Potratz: Bass<br \/>\nNikolaus Dolp: Schlagzeug, Percussion<br \/>\nHerbert Pirker: Schlagzeug, Percussion<\/p>\n<p><strong>Weitere Informationen und aktuelle Tourdaten: <\/strong><br \/>\n<a href=\"https:\/\/shakestew.com\/\" target=\"_blank\">https:\/\/shakestew.com\/<\/a><br \/>\n<strong><br \/>\nShake Stew<\/strong><br \/>\nDas Doppel-Album: <em>TEN ONE TWO<\/em><br \/>\nV\u00d6: 13.02.2026<br \/>\nLabel: Traumton Records<br \/>\nVertrieb: Indigo<br \/>\nFormate: 2CD, 2LP, digital<br \/>\nKatalognummer 2CD: 4739<br \/>\nUPC: 0705304473924<br \/>\nLC: 05597<\/p>\n","protected":false},"excerpt":{"rendered":"<p>Kaum eine andere Band hat die mitteleurop\u00e4ische Jazzszene in den letzten Jahren so auf den Kopf gestellt wie Shake Stew. W\u00e4hrend Die ZEIT sie als \u201e\u00d6sterreichs Jazzband der Stunde\u201c bezeichnete und sie der NDR schon fr\u00fch in den Status einer \u201eKultband\u201c erhob, ist sp\u00e4testens seit der Verleihung des Amadeus Music Awards 2023 und des Deutschen Jazzpreises 2021 in der Kategorie \u201eBand des Jahres International\u201c klar: Hier ist etwas ins Rollen &hellip; <a href=\"https:\/\/www.ub-comm.de\/?p=8405\">Weiterlesen <span class=\"meta-nav\">&rarr;<\/span><\/a><\/p>\n","protected":false},"author":3,"featured_media":8417,"comment_status":"closed","ping_status":"open","sticky":false,"template":"","format":"standard","meta":{"footnotes":""},"categories":[1],"tags":[7665,7667,7670,7669,7671,7659,7656,7653,7655,7658,7657,7660,7668,7652,7661,7663,7664,7662,4780,7666,7654],"class_list":["post-8405","post","type-post","status-publish","format-standard","has-post-thumbnail","hentry","category-news-tour-dates","tag-ascendance","tag-bakunawa","tag-cabanes-castellon","tag-cafe-san-marco","tag-cherry-pie","tag-herbert-pirker","tag-johannes-schleiermacher","tag-lukas-kranzelbinder","tag-mario-rom","tag-nikolaus-dolp","tag-oliver-potratz","tag-oesterreich","tag-searching","tag-shake-stew","tag-ten-one","tag-ten-one-two","tag-ten-three","tag-ten-two","tag-traumton","tag-tristan-junk","tag-yvonne-moriel"],"_links":{"self":[{"href":"https:\/\/www.ub-comm.de\/index.php?rest_route=\/wp\/v2\/posts\/8405","targetHints":{"allow":["GET"]}}],"collection":[{"href":"https:\/\/www.ub-comm.de\/index.php?rest_route=\/wp\/v2\/posts"}],"about":[{"href":"https:\/\/www.ub-comm.de\/index.php?rest_route=\/wp\/v2\/types\/post"}],"author":[{"embeddable":true,"href":"https:\/\/www.ub-comm.de\/index.php?rest_route=\/wp\/v2\/users\/3"}],"replies":[{"embeddable":true,"href":"https:\/\/www.ub-comm.de\/index.php?rest_route=%2Fwp%2Fv2%2Fcomments&post=8405"}],"version-history":[{"count":0,"href":"https:\/\/www.ub-comm.de\/index.php?rest_route=\/wp\/v2\/posts\/8405\/revisions"}],"wp:featuredmedia":[{"embeddable":true,"href":"https:\/\/www.ub-comm.de\/index.php?rest_route=\/wp\/v2\/media\/8417"}],"wp:attachment":[{"href":"https:\/\/www.ub-comm.de\/index.php?rest_route=%2Fwp%2Fv2%2Fmedia&parent=8405"}],"wp:term":[{"taxonomy":"category","embeddable":true,"href":"https:\/\/www.ub-comm.de\/index.php?rest_route=%2Fwp%2Fv2%2Fcategories&post=8405"},{"taxonomy":"post_tag","embeddable":true,"href":"https:\/\/www.ub-comm.de\/index.php?rest_route=%2Fwp%2Fv2%2Ftags&post=8405"}],"curies":[{"name":"wp","href":"https:\/\/api.w.org\/{rel}","templated":true}]}}