{"id":8346,"date":"2025-09-29T14:57:16","date_gmt":"2025-09-29T12:57:16","guid":{"rendered":"https:\/\/www.ub-comm.de\/?p=8346"},"modified":"2025-09-29T14:57:16","modified_gmt":"2025-09-29T12:57:16","slug":"tribeqa-mit-viertem-album-bei-underdog-records-im-dezember-2025","status":"publish","type":"post","link":"https:\/\/www.ub-comm.de\/?p=8346","title":{"rendered":"Tribeqa mit viertem Album bei Underdog Records im Dezember 2025"},"content":{"rendered":"<p>Mit <em>Sumu<\/em> legt das Afro-Soul-, Jazz- und <a href=\"https:\/\/spaces.hightail.com\/space\/VJGQsa862T\"><img loading=\"lazy\" decoding=\"async\" src=\"https:\/\/www.ub-comm.de\/wp-content\/uploads\/2025\/09\/Cover-Tribeqa-Sumu-1500x1500-1-300x300.jpg\" alt=\"\" width=\"300\" height=\"300\" class=\"alignright size-medium wp-image-8349\" srcset=\"https:\/\/www.ub-comm.de\/wp-content\/uploads\/2025\/09\/Cover-Tribeqa-Sumu-1500x1500-1-300x300.jpg 300w, https:\/\/www.ub-comm.de\/wp-content\/uploads\/2025\/09\/Cover-Tribeqa-Sumu-1500x1500-1-1024x1024.jpg 1024w, https:\/\/www.ub-comm.de\/wp-content\/uploads\/2025\/09\/Cover-Tribeqa-Sumu-1500x1500-1-150x150.jpg 150w, https:\/\/www.ub-comm.de\/wp-content\/uploads\/2025\/09\/Cover-Tribeqa-Sumu-1500x1500-1-768x768.jpg 768w, https:\/\/www.ub-comm.de\/wp-content\/uploads\/2025\/09\/Cover-Tribeqa-Sumu-1500x1500-1.jpg 1500w\" sizes=\"auto, (max-width: 300px) 100vw, 300px\" \/><\/a>HipHop-Quartett Tribeqa aus Nantes am 12.12.2025 sein viertes Album vor. In diesen Zeiten wirkt es mit seinem mitrei\u00dfenden optimistischen Groove, der gro\u00dfen Mischung aus unterschiedlichen Kulturen und \u00fcberbordender Energie wie eine sehr willkommene frische Brise. Im besten Picasso\u2019schen Sinne findet Tribeqa immer den richtigen Groove, ohne ihn suchen \u2013 oder k\u00fcnstlich zu erzwingen.<\/p>\n<p>Auf den Festivalb\u00fchnen in Frankreich und dar\u00fcber hinaus gl\u00e4nzt die Band mit einer auf den Punkt kommenden Mischung aus Josselin Quentins chromatischem Balafon, Etienne Arnoux\u2018 akustischer Gitarre, Julien Ouvrards Schlagzeug und Malou Oheix\u2018 Stimme und Synth-Bass. Die Texte sind auf Englisch, Franz\u00f6sisch, Spanisch und der westafrikanischen Sprache Dioula \u2013 wie bei einer kleinen Weltreise auf nur einer einzigen B\u00fchne.<\/p>\n<p style=\"text-align: center;\">\u201eTribeqa\u2019s music is a gift. I urge everyone<br \/>\nto listen to their music and reap the benefits of their secret potion.\u201d<br \/>\nMagic Malik<\/p>\n<p>\u201eSumu\u201c ist das Wort f\u00fcr \u201eZusammenkommen\u201c in Dioula. Nach drei Alben, die in Frankreich schon f\u00fcr gro\u00dfe Aufmerksamkeit gesorgt haben, bekr\u00e4ftigt das neue Album die Identit\u00e4t des Kollektivs. Es ist wagemutig und voller Licht, reich an Textur und Herz, getragen vom warmen Klang des Balafons wie auch den lyrischen Gitarren und den tiefen Grooves. In den Texten geht es um die Familie (\u201eFamily\u201c), darum, das Leben zu feiern (\u201eLife\u201c), kreative Impulse zu bekommen (\u201eArtist\u201c) und inspirierende Orte zu entdecken, so wie Josselin auf seinen Reisen durch die Elfenbeink\u00fcste (\u201eGrand Bassam\u201c) und Burkina Faso (\u201eSecteur 22\u201c).<\/p>\n<p>Auf <em>Sumu<\/em> verst\u00e4rken renommierte G\u00e4ste das Quartett: die Querfl\u00f6te von Jazzlegende Magic Malik, die scharfsinnigen Texte des kalifornischen Rappers Mr. J. Mereiros (AllttA), der Dafuniks-Rapper Blacc El und Wamian Ka\u00efd sowie die Griot-Familie bestehend aus Fatoma Dembele, Fanta Dembele, Maryam Diabat\u00e9 und Dramane Dembele. Sie verankert das Album in der roten Erde von Burkina Faso und der Landschaft der Elfenbeink\u00fcste.<\/p>\n<p><strong>Die Besetzung:<\/strong><\/p>\n<p><strong>Josselin Quentin<\/strong> begann mit neun Jahren Musik zu machen und studierte klassisches Schlagzeug und Jazz an mehreren Konservatorien, darunter Nantes und Paris. Er gewann viele Preise und spielte Schlagzeug und Vibraphon in den unterschiedlichsten Funk-, Jazz-, World- und HipHop-Projekten.<\/p>\n<p>Seine ersten Kompositionen entstanden in der Band Karr\u00e9 Magik, die 2001 zur Entdeckung des Festivals Printemps de Bourges gek\u00fcrt wurde. Tribeqa wurde 2003 gegr\u00fcndet. Dort setzte Quentin sein gerade aus Burkina Faso mitgebrachtes selbstgebautes chromatisches Balafon ein, das er mit seiner Spielweise, mit vier statt zwei St\u00f6cken und in eher ungewohnten Genres wie z.B. bei der HipHop-Jazz-Gruppe Hocus Pocus, modernisiert. Drei Alben von Tribeqa sind bei Underdog Records erschienen, und zahlreiche Tourneen folgten.<\/p>\n<div id=\"attachment_8351\" style=\"width: 650px\" class=\"wp-caption aligncenter\"><a href=\"https:\/\/www.ub-comm.de\/wp-content\/uploads\/2025\/09\/Pressephoto-1-quer-lo-res-Tribeqa-\u00a9David-Gallard.jpg\"><img loading=\"lazy\" decoding=\"async\" aria-describedby=\"caption-attachment-8351\" src=\"https:\/\/www.ub-comm.de\/wp-content\/uploads\/2025\/09\/Pressephoto-1-quer-lo-res-Tribeqa-\u00a9David-Gallard-1024x683.jpg\" alt=\"\" width=\"640\" height=\"427\" class=\"size-large wp-image-8351\" srcset=\"https:\/\/www.ub-comm.de\/wp-content\/uploads\/2025\/09\/Pressephoto-1-quer-lo-res-Tribeqa-\u00a9David-Gallard-1024x683.jpg 1024w, https:\/\/www.ub-comm.de\/wp-content\/uploads\/2025\/09\/Pressephoto-1-quer-lo-res-Tribeqa-\u00a9David-Gallard-300x200.jpg 300w, https:\/\/www.ub-comm.de\/wp-content\/uploads\/2025\/09\/Pressephoto-1-quer-lo-res-Tribeqa-\u00a9David-Gallard-768x512.jpg 768w, https:\/\/www.ub-comm.de\/wp-content\/uploads\/2025\/09\/Pressephoto-1-quer-lo-res-Tribeqa-\u00a9David-Gallard.jpg 1500w\" sizes=\"auto, (max-width: 640px) 100vw, 640px\" \/><\/a><p id=\"caption-attachment-8351\" class=\"wp-caption-text\">Tribeqa<br \/>(\u00a9 David Gallard)<\/p><\/div>\n<p><strong>\u00c9tienne Arnoux<\/strong> startete seine Musikkarriere mit 14 Jahren. Er spielte in Bands wie Philippe Allano y Compadres, Yak, Gwen Delabar und aktuell Tribeqa.<\/p>\n<p><strong>Malou Oheix<\/strong> studierte klassisches Klavier am Konservatorium in Nantes sowie zeitgen\u00f6ssische Musik und Jazz. Ihre vielf\u00e4ltigen musikalischen Einfl\u00fcsse reichen von Jazz \u00fcber Soul bis zu Hip-Hop, darunter K\u00fcnstlerinnen und Bands wie Esperanza Spalding, Erykah Badu und The Roots. Seit Sommer 2018 ist sie als Bassistin und S\u00e4ngerin bei Tribeqa.<\/p>\n<p>Auch <strong>Julien Ouvrard<\/strong> absolvierte eine klassische Ausbildung in Jazz und zeitgen\u00f6ssischer Musik am Konservatorium und stie\u00df ebenfalls im Sommer 2018 zu Tribeqa.<\/p>\n<p><strong>Weitere Informationen:<\/strong><br \/>\n<a href=\"https:\/\/tribeqa.fr\/#*\" target=\"_blank\">https:\/\/tribeqa.fr\/#*<\/a><\/p>\n<p><strong>Tribeqa<\/strong><br \/>\nDas neue Album: <em>Sumu<\/em><br \/>\nV\u00d6: 12.12.2025<br \/>\nLabel: Underdog Records<br \/>\nVertriebe: Broken Silence (physisch) \/ Believe (digital)<br \/>\nKatalognummer: UR849872<br \/>\nUPC: 3516628498725<br \/>\nFormate: CD, LP, digital<br \/>\nLabelcode: 51324<\/p>\n","protected":false},"excerpt":{"rendered":"<p>Mit Sumu legt das Afro-Soul-, Jazz- und HipHop-Quartett Tribeqa aus Nantes am 12.12.2025 sein viertes Album vor. In diesen Zeiten wirkt es mit seinem mitrei\u00dfenden optimistischen Groove, der gro\u00dfen Mischung aus unterschiedlichen Kulturen und \u00fcberbordender Energie wie eine sehr willkommene frische Brise. Im besten Picasso\u2019schen Sinne findet Tribeqa immer den richtigen Groove, ohne ihn suchen \u2013 oder k\u00fcnstlich zu erzwingen. Auf den Festivalb\u00fchnen in Frankreich und dar\u00fcber hinaus gl\u00e4nzt die &hellip; <a href=\"https:\/\/www.ub-comm.de\/?p=8346\">Weiterlesen <span class=\"meta-nav\">&rarr;<\/span><\/a><\/p>\n","protected":false},"author":3,"featured_media":8349,"comment_status":"closed","ping_status":"open","sticky":false,"template":"","format":"standard","meta":{"footnotes":""},"categories":[1],"tags":[307,7614,417,7619,7618,4476,7610,7616,5825,111,7608,7607,7611,7617,7613,7612,7609,7606,4789,7615],"class_list":["post-8346","post","type-post","status-publish","format-standard","has-post-thumbnail","hentry","category-news-tour-dates","tag-balafon","tag-blacc-el","tag-burkina-faso","tag-dembele","tag-dramane","tag-elfenbeinkueste","tag-etienne-arnoux","tag-fatoma-dembele","tag-hip-hop","tag-jazz","tag-josselin-quentin","tag-julien-ouvrard","tag-malou-oheix","tag-maryam-diabate","tag-mr-j-mereiros","tag-nantes","tag-sumu","tag-tribeqa","tag-underdog-records","tag-wamian-kaid"],"_links":{"self":[{"href":"https:\/\/www.ub-comm.de\/index.php?rest_route=\/wp\/v2\/posts\/8346","targetHints":{"allow":["GET"]}}],"collection":[{"href":"https:\/\/www.ub-comm.de\/index.php?rest_route=\/wp\/v2\/posts"}],"about":[{"href":"https:\/\/www.ub-comm.de\/index.php?rest_route=\/wp\/v2\/types\/post"}],"author":[{"embeddable":true,"href":"https:\/\/www.ub-comm.de\/index.php?rest_route=\/wp\/v2\/users\/3"}],"replies":[{"embeddable":true,"href":"https:\/\/www.ub-comm.de\/index.php?rest_route=%2Fwp%2Fv2%2Fcomments&post=8346"}],"version-history":[{"count":0,"href":"https:\/\/www.ub-comm.de\/index.php?rest_route=\/wp\/v2\/posts\/8346\/revisions"}],"wp:featuredmedia":[{"embeddable":true,"href":"https:\/\/www.ub-comm.de\/index.php?rest_route=\/wp\/v2\/media\/8349"}],"wp:attachment":[{"href":"https:\/\/www.ub-comm.de\/index.php?rest_route=%2Fwp%2Fv2%2Fmedia&parent=8346"}],"wp:term":[{"taxonomy":"category","embeddable":true,"href":"https:\/\/www.ub-comm.de\/index.php?rest_route=%2Fwp%2Fv2%2Fcategories&post=8346"},{"taxonomy":"post_tag","embeddable":true,"href":"https:\/\/www.ub-comm.de\/index.php?rest_route=%2Fwp%2Fv2%2Ftags&post=8346"}],"curies":[{"name":"wp","href":"https:\/\/api.w.org\/{rel}","templated":true}]}}