{"id":8239,"date":"2025-08-18T17:17:52","date_gmt":"2025-08-18T15:17:52","guid":{"rendered":"https:\/\/www.ub-comm.de\/?p=8239"},"modified":"2025-09-05T10:23:45","modified_gmt":"2025-09-05T08:23:45","slug":"duboule-tavelli-oester-mit-neuem-album-anfang-november-bei-unit-records","status":"publish","type":"post","link":"https:\/\/www.ub-comm.de\/?p=8239","title":{"rendered":"Duboule | Tavelli | Oester mit neuem Album Anfang November bei Unit Records"},"content":{"rendered":"<p>Das Schweizer Trio Duboule | Tavelli | Oester<a href=\"https:\/\/spaces.hightail.com\/space\/HBOb0Sno1J\"><img loading=\"lazy\" decoding=\"async\" src=\"https:\/\/www.ub-comm.de\/wp-content\/uploads\/2025\/08\/Cover-Duboule-Tavelli-Oester-Isobar-1500x1500-1-300x300.jpg\" alt=\"\" width=\"300\" height=\"300\" class=\"alignright size-medium wp-image-8242\" srcset=\"https:\/\/www.ub-comm.de\/wp-content\/uploads\/2025\/08\/Cover-Duboule-Tavelli-Oester-Isobar-1500x1500-1-300x300.jpg 300w, https:\/\/www.ub-comm.de\/wp-content\/uploads\/2025\/08\/Cover-Duboule-Tavelli-Oester-Isobar-1500x1500-1-1024x1024.jpg 1024w, https:\/\/www.ub-comm.de\/wp-content\/uploads\/2025\/08\/Cover-Duboule-Tavelli-Oester-Isobar-1500x1500-1-150x150.jpg 150w, https:\/\/www.ub-comm.de\/wp-content\/uploads\/2025\/08\/Cover-Duboule-Tavelli-Oester-Isobar-1500x1500-1-768x768.jpg 768w, https:\/\/www.ub-comm.de\/wp-content\/uploads\/2025\/08\/Cover-Duboule-Tavelli-Oester-Isobar-1500x1500-1.jpg 1500w\" sizes=\"auto, (max-width: 300px) 100vw, 300px\" \/><\/a> (D | T | O) geh\u00f6rt zu den eigenwilligsten und innovativsten Ensembles der aktuellen Jazzszene. Geleitet von Gitarrist Th\u00e9o Duboule und Schlagzeuger No\u00e9 Tavelli und gepr\u00e4gt von ihrer tiefen Verbundenheit mit afro-diasporischen Traditionen, k\u00fchner experimenteller Improvisation und einem radikal-k\u00fcnstlerischen Geist, kreiert das Trio einen rohen und dringlichen Sound.<\/p>\n<p>Nach dem von der Schweizer Kritik gefeierten Deb\u00fct <em>Street Sight <\/em>(Hout Records, 2022) geht D | T | O am 07.11.2025 mit <em>Isobar<\/em> und Unit Records als Labelpartner nun den Schritt \u00fcber die Landesgrenzen hinaus. Es ist ein kompromissloses, intensives neues Album geworden, das an nur zwei Tagen im September 2024 im Studio de la Fonderie in Fribourg aufgenommen wurde. Als besonderer Gast ist auf drei St\u00fccken der legend\u00e4re Trompeter und Tr\u00e4ger des Schweizer Musikpreises Matthieu Michel am Fl\u00fcgelhorn zu h\u00f6ren.<\/p>\n<p>Im Gegensatz zu vielen nach harmonischer Dichte strebenden, gitarren-gef\u00fchrten Jazzgruppen schl\u00e4gt D | T | O einen anderen Weg ein \u2013 eher vergleichbar mit McCoy Tyners modaler Kraft als Bill Evans\u2019 harmonischem Reichtum. Die Band setzt auf Klangfarbe, Antrieb und Energie statt auf Komplexit\u00e4t und so entstehen in ihrer Erfahrung verwurzelte St\u00fccke, die unmittelbar und k\u00f6rperlich sind.<\/p>\n<div class=\"brlbs-cmpnt-container brlbs-cmpnt-content-blocker brlbs-cmpnt-with-individual-styles\" data-borlabs-cookie-content-blocker-id=\"youtube-content-blocker\" data-borlabs-cookie-content=\"PGlmcmFtZSB3aWR0aD0iNjQwIiBoZWlnaHQ9IjM2MCIgc3JjPSJodHRwczovL3d3dy55b3V0dWJlLW5vY29va2llLmNvbS9lbWJlZC8zb1lfZFRueFJUST9zaT1rSHNwb0VDUXkweTNtNEFqIiB0aXRsZT0iWW91VHViZSB2aWRlbyBwbGF5ZXIiIGZyYW1lYm9yZGVyPSIwIiBhbGxvdz0iYWNjZWxlcm9tZXRlcjsgYXV0b3BsYXk7IGNsaXBib2FyZC13cml0ZTsgZW5jcnlwdGVkLW1lZGlhOyBneXJvc2NvcGU7IHBpY3R1cmUtaW4tcGljdHVyZTsgd2ViLXNoYXJlIiByZWZlcnJlcnBvbGljeT0ic3RyaWN0LW9yaWdpbi13aGVuLWNyb3NzLW9yaWdpbiIgYWxsb3dmdWxsc2NyZWVuPjwvaWZyYW1lPg==\">\n<div class=\"brlbs-cmpnt-cb-preset-c brlbs-cmpnt-cb-youtube\">\n<div class=\"brlbs-cmpnt-cb-thumbnail\" style=\"background-image: url('https:\/\/www.ub-comm.de\/wp-content\/uploads\/borlabs-cookie\/1\/yt_3oY_dTnxRTI_hqdefault.jpg')\"><\/div>\n<div class=\"brlbs-cmpnt-cb-main\">\n<div class=\"brlbs-cmpnt-cb-play-button\"><\/div>\n<div class=\"brlbs-cmpnt-cb-content\">\n<p class=\"brlbs-cmpnt-cb-description\">Sie sehen gerade einen Platzhalterinhalt von <strong>YouTube<\/strong>. Um auf den eigentlichen Inhalt zuzugreifen, klicken Sie auf die Schaltfl\u00e4che unten. Bitte beachten Sie, dass dabei Daten an Drittanbieter weitergegeben werden.<\/p>\n<p> <a class=\"brlbs-cmpnt-cb-provider-toggle\" href=\"#\" data-borlabs-cookie-show-provider-information role=\"button\">Mehr Informationen<\/a> <\/div>\n<div class=\"brlbs-cmpnt-cb-buttons\"> <a class=\"brlbs-cmpnt-cb-btn\" href=\"#\" data-borlabs-cookie-unblock role=\"button\">Inhalt entsperren<\/a> <a class=\"brlbs-cmpnt-cb-btn\" href=\"#\" data-borlabs-cookie-accept-service role=\"button\" style=\"display: inherit\">Erforderlichen Service akzeptieren und Inhalte entsperren<\/a> <\/div>\n<\/p><\/div>\n<\/p><\/div>\n<\/div>\n<p>Das Album spiegelt auch die langj\u00e4hrige k\u00fcnstlerische Verbindung zwischen Tavelli und Duboule wider. Sie begegneten sich als Teenager an der legend\u00e4ren l\u2019Association pour l\u2019encouragement de la Musique impRovis\u00e9e (AMR) in Genf, bevor sie gemeinsam an der Haute Ecole de Musique in Lausanne studierten. Ihre gemeinsame Geschichte verleiht der Musik ein tiefes gegenseitiges Verst\u00e4ndnis und eine instinktive Interaktion, gewachsen \u00fcber mehr als ein Jahrzehnt der Zusammenarbeit.<\/p>\n<p>Bassvirtuose B\u00e4nz Oester und als Gast Matthieu Michel f\u00fchren ihre musikalische Sprache auf dem Album weiter als je zuvor und verst\u00e4rken den starken Drive der Gruppe. Die Musik ist aufgeladen, spontan und von Emotionen durchdrungen \u2013 sie sch\u00f6pft aus Hip-Hop, Grunge, karibischen Rhythmen, Nirvana, Hendrix, Coltrane und vielen anderen afroamerikanischen Musiker*innen der 1960er Jahre.<\/p>\n<p>In den St\u00fccken von <em>Isobar<\/em> koexistieren Feuer und Nebel. \u201eMaterialism\u201c und der Titelsong \u201eIsobar\u201c brennen mit verzerrter Dringlichkeit, w\u00e4hrend \u201eSwishes\u201c und \u201eNihilism\u201c wie Rauch dahingleiten \u2013 schwebend, subtil. Michels Fl\u00fcgelhorn erhebt sich dar\u00fcber \u2013 nie blo\u00df dekorativ, sondern als emotionale Linie, die alles verbindet.<\/p>\n<p><em>Isobar<\/em> ist ein Bekenntnis zu einer Musik, die frei, spannungsvoll und ungefiltert emotional ist.<\/p>\n<p><strong>Hintergrund:<\/strong><br \/>\nNo\u00e9 und Th\u00e9o, beide 1992 in Genf geboren, begegneten sich an der legend\u00e4ren AMR \u2013 als junge Musiker, die sich z\u00f6gerlich f\u00fcr Improvisation zu interessieren begannen. Ihre Verbindung vertiefte sich w\u00e4hrend des gemeinsamen Studiums an der Jazzabteilung der HEMu Lausanne, wo sie pr\u00e4gende Lehrpersonen trafen \u2013 unter anderem die Schweizer Gr\u00f6\u00dfen B\u00e4nz Oester und Matthieu Michel.<\/p>\n<div id=\"attachment_8247\" style=\"width: 650px\" class=\"wp-caption aligncenter\"><a href=\"https:\/\/www.ub-comm.de\/wp-content\/uploads\/2025\/08\/Pressephoto-1-quer-Duboule-Tavelli-Oester-Photo-Credit-Nadia-Tarra-1500x1000-1.jpg\"><img loading=\"lazy\" decoding=\"async\" aria-describedby=\"caption-attachment-8247\" src=\"https:\/\/www.ub-comm.de\/wp-content\/uploads\/2025\/08\/Pressephoto-1-quer-Duboule-Tavelli-Oester-Photo-Credit-Nadia-Tarra-1500x1000-1-1024x683.jpg\" alt=\"\" width=\"640\" height=\"427\" class=\"size-large wp-image-8247\" srcset=\"https:\/\/www.ub-comm.de\/wp-content\/uploads\/2025\/08\/Pressephoto-1-quer-Duboule-Tavelli-Oester-Photo-Credit-Nadia-Tarra-1500x1000-1-1024x683.jpg 1024w, https:\/\/www.ub-comm.de\/wp-content\/uploads\/2025\/08\/Pressephoto-1-quer-Duboule-Tavelli-Oester-Photo-Credit-Nadia-Tarra-1500x1000-1-300x200.jpg 300w, https:\/\/www.ub-comm.de\/wp-content\/uploads\/2025\/08\/Pressephoto-1-quer-Duboule-Tavelli-Oester-Photo-Credit-Nadia-Tarra-1500x1000-1-768x512.jpg 768w, https:\/\/www.ub-comm.de\/wp-content\/uploads\/2025\/08\/Pressephoto-1-quer-Duboule-Tavelli-Oester-Photo-Credit-Nadia-Tarra-1500x1000-1.jpg 1500w\" sizes=\"auto, (max-width: 640px) 100vw, 640px\" \/><\/a><p id=\"caption-attachment-8247\" class=\"wp-caption-text\">Duboule | Tavelli | Oester<br \/>(Photo Credit Nadia Tarra)<\/p><\/div>\n<p>No\u00e9 zog sp\u00e4ter nach New York, Th\u00e9o nach Z\u00fcrich und Berlin. Die Zusammenarbeit riss nie ab: u.a. im Trio mit Saxophonist Ohad Talmor, oder mit einem Jazz-Workshop, den sie seit 2017 jeden Sommer in Genf veranstalten.<\/p>\n<p>2020 beschlossen sie, ein erstes gemeinsames Album namens <em>Street Sight<\/em> aufzunehmen \u2013 mit B\u00e4nz Oester am Bass. Seitdem haben sie \u00fcber 20 Konzerte in der Schweiz gespielt.<\/p>\n<p><strong>Besetzung:<\/strong><br \/>\nTh\u00e9o Duboule \u2013 E- und Akustikgitarre<br \/>\nNo\u00e9 Tavelli \u2013 Schlagzeug und Perkussion<br \/>\nB\u00e4nz Oester \u2013 Kontrabass<br \/>\nSpecial Guest: Matthieu Michel \u2013 Fl\u00fcgelhorn<\/p>\n<p><strong>Weitre Informationen: <\/strong><br \/>\n<a href=\"https:\/\/theoduboule.com\/duboule-tavelli-oester\/\" target=\"_blank\" rel=\"noopener\">https:\/\/theoduboule.com\/duboule-tavelli-oester\/<\/a><\/p>\n<p>Duboule | Tavelli | Oester (D | T | O)<br \/>\nDas neue Album: <em>Isobar<\/em><br \/>\nV\u00d6: 07.11.2025<br \/>\nLabel: Unit Records<br \/>\nVertriebe: Membran \/ The Orchard<br \/>\nBestellnummer CD: UTR 5247<br \/>\nEAN\/UPC: 7640222862470<br \/>\nFormate: CD, digital<br \/>\nLabelcode: LC 00817<\/p>\n","protected":false},"excerpt":{"rendered":"<p>Das Schweizer Trio Duboule | Tavelli | Oester (D | T | O) geh\u00f6rt zu den eigenwilligsten und innovativsten Ensembles der aktuellen Jazzszene. Geleitet von Gitarrist Th\u00e9o Duboule und Schlagzeuger No\u00e9 Tavelli und gepr\u00e4gt von ihrer tiefen Verbundenheit mit afro-diasporischen Traditionen, k\u00fchner experimenteller Improvisation und einem radikal-k\u00fcnstlerischen Geist, kreiert das Trio einen rohen und dringlichen Sound. Nach dem von der Schweizer Kritik gefeierten Deb\u00fct Street Sight (Hout Records, 2022) geht &hellip; <a href=\"https:\/\/www.ub-comm.de\/?p=8239\">Weiterlesen <span class=\"meta-nav\">&rarr;<\/span><\/a><\/p>\n","protected":false},"author":3,"featured_media":8242,"comment_status":"closed","ping_status":"open","sticky":false,"template":"","format":"standard","meta":{"footnotes":""},"categories":[1],"tags":[7490,7495,7484,7493,451,1857,7487,111,1786,7494,7492,7489,7486,1636,1195,7496,7485,7488,7491],"class_list":["post-8239","post","type-post","status-publish","format-standard","has-post-thumbnail","hentry","category-news-tour-dates","tag-baenz-oester","tag-d-t-o","tag-duboule","tag-fluegelhorn","tag-genf","tag-gitarre","tag-isobar","tag-jazz","tag-kontrabass","tag-la-fonderie","tag-matthieu-michel","tag-noe-tavelli","tag-oester","tag-schlagzeug","tag-schweiz","tag-street-sight","tag-tavelli","tag-theo-duboule","tag-unit-records"],"_links":{"self":[{"href":"https:\/\/www.ub-comm.de\/index.php?rest_route=\/wp\/v2\/posts\/8239","targetHints":{"allow":["GET"]}}],"collection":[{"href":"https:\/\/www.ub-comm.de\/index.php?rest_route=\/wp\/v2\/posts"}],"about":[{"href":"https:\/\/www.ub-comm.de\/index.php?rest_route=\/wp\/v2\/types\/post"}],"author":[{"embeddable":true,"href":"https:\/\/www.ub-comm.de\/index.php?rest_route=\/wp\/v2\/users\/3"}],"replies":[{"embeddable":true,"href":"https:\/\/www.ub-comm.de\/index.php?rest_route=%2Fwp%2Fv2%2Fcomments&post=8239"}],"version-history":[{"count":0,"href":"https:\/\/www.ub-comm.de\/index.php?rest_route=\/wp\/v2\/posts\/8239\/revisions"}],"wp:featuredmedia":[{"embeddable":true,"href":"https:\/\/www.ub-comm.de\/index.php?rest_route=\/wp\/v2\/media\/8242"}],"wp:attachment":[{"href":"https:\/\/www.ub-comm.de\/index.php?rest_route=%2Fwp%2Fv2%2Fmedia&parent=8239"}],"wp:term":[{"taxonomy":"category","embeddable":true,"href":"https:\/\/www.ub-comm.de\/index.php?rest_route=%2Fwp%2Fv2%2Fcategories&post=8239"},{"taxonomy":"post_tag","embeddable":true,"href":"https:\/\/www.ub-comm.de\/index.php?rest_route=%2Fwp%2Fv2%2Ftags&post=8239"}],"curies":[{"name":"wp","href":"https:\/\/api.w.org\/{rel}","templated":true}]}}