{"id":7915,"date":"2024-12-09T14:17:58","date_gmt":"2024-12-09T13:17:58","guid":{"rendered":"https:\/\/www.ub-comm.de\/?p=7915"},"modified":"2025-01-15T10:52:28","modified_gmt":"2025-01-15T09:52:28","slug":"piers-faccini-ballake-sissoko-mit-gemeinsamem-album-bei-no-format","status":"publish","type":"post","link":"https:\/\/www.ub-comm.de\/?p=7915","title":{"rendered":"Piers Faccini &#038; Ballak\u00e9 Sissoko mit gemeinsamem Album bei N\u00f8 F\u00f8rmat!"},"content":{"rendered":"<p>Zwei Jahrzehnte nach ihrer ersten<a href=\"https:\/\/spaces.hightail.com\/space\/yQpKE8BW4x\"><img loading=\"lazy\" decoding=\"async\" src=\"https:\/\/www.ub-comm.de\/wp-content\/uploads\/2024\/12\/Cover-Piers-Faccini-Ballake-Sissoko-Our-Calling-300x300.jpg\" alt=\"\" width=\"300\" height=\"300\" class=\"alignright size-medium wp-image-7917\" srcset=\"https:\/\/www.ub-comm.de\/wp-content\/uploads\/2024\/12\/Cover-Piers-Faccini-Ballake-Sissoko-Our-Calling-300x300.jpg 300w, https:\/\/www.ub-comm.de\/wp-content\/uploads\/2024\/12\/Cover-Piers-Faccini-Ballake-Sissoko-Our-Calling-1024x1024.jpg 1024w, https:\/\/www.ub-comm.de\/wp-content\/uploads\/2024\/12\/Cover-Piers-Faccini-Ballake-Sissoko-Our-Calling-150x150.jpg 150w, https:\/\/www.ub-comm.de\/wp-content\/uploads\/2024\/12\/Cover-Piers-Faccini-Ballake-Sissoko-Our-Calling-768x768.jpg 768w, https:\/\/www.ub-comm.de\/wp-content\/uploads\/2024\/12\/Cover-Piers-Faccini-Ballake-Sissoko-Our-Calling-1536x1536.jpg 1536w, https:\/\/www.ub-comm.de\/wp-content\/uploads\/2024\/12\/Cover-Piers-Faccini-Ballake-Sissoko-Our-Calling-2048x2048.jpg 2048w\" sizes=\"auto, (max-width: 300px) 100vw, 300px\" \/><\/a> Zusammenarbeit ver\u00f6ffentlichen der britisch-italienische Singer-Songwriter Piers Faccini und der malische Kora-Virtuose Ballak\u00e9 Sissoko am 14.02.2025 das Duo-Album <em>Our Calling<\/em>. Es ist ein faszinierender Dialog zwischen einem virtuosen Instrumentalisten und einem begnadeten Songschreiber und Sprachk\u00fcnstler und erschafft neue Liedformen mit einer Leichtf\u00fc\u00dfigkeit, die Kontinente verbindet und mit Traditionen spielt. <\/p>\n<p>In den fr\u00fchen 2000er Jahren lernten sich Sissoko und Faccini \u00fcber das Label Bleu kennen und wurden Freunde. Seit dieser Zeit experimentieren sie mit neuen musikalischen Wegen zwischen Manding-Traditionen und Folksongformen, z.B. 2005 auf Faccinis zweitem Soloalbum <em>Tearing Sky<\/em>, auf dem Sissoko zu Gast war. <\/p>\n<p>2020 wurde dieser Dialog beim Label N\u00f8 F\u00f8rmat! fortgesetzt, als Piers Faccini das St\u00fcck \u201eKadidja\u201c in der Bambara-Sprache auf Sissokos Album <em>Djourou<\/em>, und sp\u00e4ter als Gast auch bei dem Song \u201eThe Fire Inside\u201c sang. So wurde die Idee f\u00fcr ein Duo-Album immer konkreter. <\/p>\n<div class=\"brlbs-cmpnt-container brlbs-cmpnt-content-blocker brlbs-cmpnt-with-individual-styles\" data-borlabs-cookie-content-blocker-id=\"youtube-content-blocker\" data-borlabs-cookie-content=\"PGlmcmFtZSB3aWR0aD0iNjQwIiBoZWlnaHQ9IjM2MCIgc3JjPSJodHRwczovL3d3dy55b3V0dWJlLW5vY29va2llLmNvbS9lbWJlZC91VnlUV2hmTVFBUT9zaT1HaEs1V1dJYmdLbUtCUG5oIiB0aXRsZT0iWW91VHViZSB2aWRlbyBwbGF5ZXIiIGZyYW1lYm9yZGVyPSIwIiBhbGxvdz0iYWNjZWxlcm9tZXRlcjsgYXV0b3BsYXk7IGNsaXBib2FyZC13cml0ZTsgZW5jcnlwdGVkLW1lZGlhOyBneXJvc2NvcGU7IHBpY3R1cmUtaW4tcGljdHVyZTsgd2ViLXNoYXJlIiByZWZlcnJlcnBvbGljeT0ic3RyaWN0LW9yaWdpbi13aGVuLWNyb3NzLW9yaWdpbiIgYWxsb3dmdWxsc2NyZWVuPjwvaWZyYW1lPg==\">\n<div class=\"brlbs-cmpnt-cb-preset-c brlbs-cmpnt-cb-youtube\">\n<div class=\"brlbs-cmpnt-cb-thumbnail\" style=\"background-image: url('https:\/\/www.ub-comm.de\/wp-content\/uploads\/borlabs-cookie\/1\/yt_uVyTWhfMQAQ_hqdefault.jpg')\"><\/div>\n<div class=\"brlbs-cmpnt-cb-main\">\n<div class=\"brlbs-cmpnt-cb-play-button\"><\/div>\n<div class=\"brlbs-cmpnt-cb-content\">\n<p class=\"brlbs-cmpnt-cb-description\">Sie sehen gerade einen Platzhalterinhalt von <strong>YouTube<\/strong>. Um auf den eigentlichen Inhalt zuzugreifen, klicken Sie auf die Schaltfl\u00e4che unten. Bitte beachten Sie, dass dabei Daten an Drittanbieter weitergegeben werden.<\/p>\n<p> <a class=\"brlbs-cmpnt-cb-provider-toggle\" href=\"#\" data-borlabs-cookie-show-provider-information role=\"button\">Mehr Informationen<\/a> <\/div>\n<div class=\"brlbs-cmpnt-cb-buttons\"> <a class=\"brlbs-cmpnt-cb-btn\" href=\"#\" data-borlabs-cookie-unblock role=\"button\">Inhalt entsperren<\/a> <a class=\"brlbs-cmpnt-cb-btn\" href=\"#\" data-borlabs-cookie-accept-service role=\"button\" style=\"display: inherit\">Erforderlichen Service akzeptieren und Inhalte entsperren<\/a> <\/div>\n<\/p><\/div>\n<\/p><\/div>\n<\/div>\n<p>Die zehn St\u00fccke des Albums sind ein klanglicher und erz\u00e4hlerischer Lobgesang auf Migration in all ihren Auspr\u00e4gungen, ob die vom Wind getragenen Samen in der Natur, ob von V\u00f6geln wie der Nachtigall, die zum Wechsel der Jahreszeiten zwischen Westafrika und Europa zieht, oder von Menschen, die \u00fcber die Jahrhunderte entlang der Handelsrouten musikalische Modi und Rhythmen teilten. <\/p>\n<div class=\"brlbs-cmpnt-container brlbs-cmpnt-content-blocker brlbs-cmpnt-with-individual-styles\" data-borlabs-cookie-content-blocker-id=\"youtube-content-blocker\" data-borlabs-cookie-content=\"PGlmcmFtZSB3aWR0aD0iNjQwIiBoZWlnaHQ9IjM2MCIgc3JjPSJodHRwczovL3d3dy55b3V0dWJlLW5vY29va2llLmNvbS9lbWJlZC9HbFJsY196ZnA2QT9zaT1fYUVSTm5LNFpfVzlTclN6IiB0aXRsZT0iWW91VHViZSB2aWRlbyBwbGF5ZXIiIGZyYW1lYm9yZGVyPSIwIiBhbGxvdz0iYWNjZWxlcm9tZXRlcjsgYXV0b3BsYXk7IGNsaXBib2FyZC13cml0ZTsgZW5jcnlwdGVkLW1lZGlhOyBneXJvc2NvcGU7IHBpY3R1cmUtaW4tcGljdHVyZTsgd2ViLXNoYXJlIiByZWZlcnJlcnBvbGljeT0ic3RyaWN0LW9yaWdpbi13aGVuLWNyb3NzLW9yaWdpbiIgYWxsb3dmdWxsc2NyZWVuPjwvaWZyYW1lPg==\">\n<div class=\"brlbs-cmpnt-cb-preset-c brlbs-cmpnt-cb-youtube\">\n<div class=\"brlbs-cmpnt-cb-thumbnail\" style=\"background-image: url('https:\/\/www.ub-comm.de\/wp-content\/uploads\/borlabs-cookie\/1\/yt_GlRlc_zfp6A_hqdefault.jpg')\"><\/div>\n<div class=\"brlbs-cmpnt-cb-main\">\n<div class=\"brlbs-cmpnt-cb-play-button\"><\/div>\n<div class=\"brlbs-cmpnt-cb-content\">\n<p class=\"brlbs-cmpnt-cb-description\">Sie sehen gerade einen Platzhalterinhalt von <strong>YouTube<\/strong>. Um auf den eigentlichen Inhalt zuzugreifen, klicken Sie auf die Schaltfl\u00e4che unten. Bitte beachten Sie, dass dabei Daten an Drittanbieter weitergegeben werden.<\/p>\n<p> <a class=\"brlbs-cmpnt-cb-provider-toggle\" href=\"#\" data-borlabs-cookie-show-provider-information role=\"button\">Mehr Informationen<\/a> <\/div>\n<div class=\"brlbs-cmpnt-cb-buttons\"> <a class=\"brlbs-cmpnt-cb-btn\" href=\"#\" data-borlabs-cookie-unblock role=\"button\">Inhalt entsperren<\/a> <a class=\"brlbs-cmpnt-cb-btn\" href=\"#\" data-borlabs-cookie-accept-service role=\"button\" style=\"display: inherit\">Erforderlichen Service akzeptieren und Inhalte entsperren<\/a> <\/div>\n<\/p><\/div>\n<\/p><\/div>\n<\/div>\n<p>Der rein akustische Dialog der beiden Freunde, die als G\u00e4ste den Cellisten Vincent Segal, Badj\u00e9 Tounkara an der Ngoni und Malik Ziad an der Gimbri zu den Aufnahmen einluden, wurde innerhalb von f\u00fcnf Tagen live in einem Pariser Studio unter der \u00c4gide von Fr\u00e9d\u00e9ric Soulard eingespielt. Das Album f\u00fchlt sich in seinem Kern wie ein Werk aus Mali an, ist aber die ganze Zeit \u00fcber von einer Essenz aus Folk-Songwriting durchdrungen. Alle St\u00fccke sind in englischer Sprache mit nur einer Ausnahme: \u201eNinna Ninna\u201c ist ein traditionelles Lied aus S\u00fcditalien, mit dem Faccini auf seine Wurzeln zur\u00fcckblickt. Es ist das einzige St\u00fcck des Albums, das nicht von den beiden geschrieben wurde und offenbart ihre Kunst, Musiktraditionen zusammenzubringen, ohne dass eine davon im Schatten der anderen steht.  <\/p>\n<p>Vielleicht braucht es zwanzig Jahre der Freundschaft und des Zusammenspiels, um eine solch rare und profunde musikalische Alchemie zu erreichen, in der sich Stimmen zusammenf\u00fcgen und verschmelzen, dabei aber immer unterscheidbar bleiben, und durch die Traditionen und Geschichten, die sie in sich tragen, intakt und ganz bleiben, um frei miteinander kommunizieren zu k\u00f6nnen. <\/p>\n<p><div id=\"attachment_7921\" style=\"width: 210px\" class=\"wp-caption alignleft\"><a href=\"https:\/\/www.ub-comm.de\/wp-content\/uploads\/2024\/12\/Pressephoto-1-hoch-Ballake-Sissoko-und-Piers-FaccinicSandra-Mehl-1500x1000-1.jpg\"><img loading=\"lazy\" decoding=\"async\" aria-describedby=\"caption-attachment-7921\" src=\"https:\/\/www.ub-comm.de\/wp-content\/uploads\/2024\/12\/Pressephoto-1-hoch-Ballake-Sissoko-und-Piers-FaccinicSandra-Mehl-1500x1000-1-200x300.jpg\" alt=\"\" width=\"200\" height=\"300\" class=\"size-medium wp-image-7921\" srcset=\"https:\/\/www.ub-comm.de\/wp-content\/uploads\/2024\/12\/Pressephoto-1-hoch-Ballake-Sissoko-und-Piers-FaccinicSandra-Mehl-1500x1000-1-200x300.jpg 200w, https:\/\/www.ub-comm.de\/wp-content\/uploads\/2024\/12\/Pressephoto-1-hoch-Ballake-Sissoko-und-Piers-FaccinicSandra-Mehl-1500x1000-1-683x1024.jpg 683w, https:\/\/www.ub-comm.de\/wp-content\/uploads\/2024\/12\/Pressephoto-1-hoch-Ballake-Sissoko-und-Piers-FaccinicSandra-Mehl-1500x1000-1-768x1152.jpg 768w, https:\/\/www.ub-comm.de\/wp-content\/uploads\/2024\/12\/Pressephoto-1-hoch-Ballake-Sissoko-und-Piers-FaccinicSandra-Mehl-1500x1000-1.jpg 1000w\" sizes=\"auto, (max-width: 200px) 100vw, 200px\" \/><\/a><p id=\"caption-attachment-7921\" class=\"wp-caption-text\">Ballak\u00e9 Sissoko und Piers Faccini<br \/>(Photo Credit: Sandra Mehl)<\/p><\/div>Ballak\u00e9 Sissoko und Piers Faccini<br \/>(Photo Credit: Sandra Mehl)[\/caption]Auf dem Album gibt es viele Beispiele daf\u00fcr. Das St\u00fcck \u201eShadows Are\u201c beginnt mit einer faszinierenden Solo-Kora-Passage im traditionellen Mand\u00e9-Modus und verwandelt sich auf wundersame Weise in etwas, das sich wie ein Jazz-Standard anf\u00fchlt, bei dem man sich Chet Baker als S\u00e4nger vorstellen k\u00f6nnte. Auch wenn das Duo die Musik der Vergangenheit hochachtet, steht es doch festen Fu\u00dfes im 21. Jahrhundert. Die individuelle Kreativit\u00e4t der beiden liegt ihrem Dialog zugrunde, so dass sich die Kora zu keinem Zeitpunkt so anh\u00f6rt, also ob sie versuche, durch Anpassung oder Verbiegen einen Platz in westlichen Liedformen zu finden, wie es in den 1990er und 2000er Jahren in der Bl\u00fctezeit von World Fusion oft der Fall war.  <\/p>\n<p>Als das Duo mit der Konzeption des Albums begann, gab es ein klares Versprechen ab: Die musikalische Sprache sollte mit den Mand\u00e9-Traditionen und -Modi beginnen und enden. Das war der kreative Auftrag f\u00fcr die Lieder. Auch wenn die Melodien auf Englisch gesungen werden, sind sie in Anlehnung an Mand\u00e9-Traditionen entwickelt worden. Die tern\u00e4ren Grooves in \u201eNorth and South\u201c sowie \u201eMournful Moon\u201c sind dabei weitere Beispiele f\u00fcr die musikalische Entwicklung des Duos im Laufe der Jahre. <\/p>\n<p>Am ehesten erinnert wohl das Lied \u201eIf nothing is real\u201c an Sissokos und Faccinis urspr\u00fcngliche Dialoge. Es ist ein St\u00fcck, das sowohl auf dem afrikanischen wie auch auf dem europ\u00e4ischen Kontinent ein Zuhause in der Ferne findet, und erinnert an die Nachtigall oder \u201aSorof\u00e9 kono\u2018 in Bambara, den Singvogel, der die alten Freunde urspr\u00fcnglich zu ihrem Album <em>Our Calling<\/em> inspiriert hat.<\/p>\n<p><strong>Weitere Informationen: <\/strong><br \/>\n<a href=\"https:\/\/www.piersfaccini.com\/\" target=\"_blank\">https:\/\/www.piersfaccini.com\/<\/a> und <a href=\"https:\/\/www.ballakesissoko.com\/en\/\" target=\"_blank\">https:\/\/www.ballakesissoko.com\/en\/<\/a><\/p>\n<p><strong>Piers Faccini &#038; Ballak\u00e9 Sissoko<\/strong><br \/>\nDas neue Album: <em>Our Calling<\/em><br \/>\nV\u00d6: 14.02.2025<br \/>\nLabel: N\u00f8 F\u00f8rmat!<br \/>\nFormate: CD, Vinyl, digital<br \/>\nVertrieb: IDOL \/ Indigo<br \/>\nEAN \/ UPC LP: folgt!<br \/>\nKatalognummer LP: N\u00d8F65<br \/>\nLabelcode: 35386<\/p>\n","protected":false},"excerpt":{"rendered":"<p>Zwei Jahrzehnte nach ihrer ersten Zusammenarbeit ver\u00f6ffentlichen der britisch-italienische Singer-Songwriter Piers Faccini und der malische Kora-Virtuose Ballak\u00e9 Sissoko am 14.02.2025 das Duo-Album Our Calling. Es ist ein faszinierender Dialog zwischen einem virtuosen Instrumentalisten und einem begnadeten Songschreiber und Sprachk\u00fcnstler und erschafft neue Liedformen mit einer Leichtf\u00fc\u00dfigkeit, die Kontinente verbindet und mit Traditionen spielt. In den fr\u00fchen 2000er Jahren lernten sich Sissoko und Faccini \u00fcber das Label Bleu kennen und wurden &hellip; <a href=\"https:\/\/www.ub-comm.de\/?p=7915\">Weiterlesen <span class=\"meta-nav\">&rarr;<\/span><\/a><\/p>\n","protected":false},"author":3,"featured_media":7917,"comment_status":"closed","ping_status":"open","sticky":false,"template":"","format":"standard","meta":{"footnotes":""},"categories":[1],"tags":[7276,3768,7275,5642,1196,3786,4187,7274,3741,3762,3761],"class_list":["post-7915","post","type-post","status-publish","format-standard","has-post-thumbnail","hentry","category-news-tour-dates","tag-badje-tounkara","tag-ballake-sissoko","tag-dialog","tag-djourou","tag-mali","tag-malik-ziad","tag-no-format","tag-our-calling","tag-piers-faccini","tag-tearing-sky","tag-vincent-segal"],"_links":{"self":[{"href":"https:\/\/www.ub-comm.de\/index.php?rest_route=\/wp\/v2\/posts\/7915","targetHints":{"allow":["GET"]}}],"collection":[{"href":"https:\/\/www.ub-comm.de\/index.php?rest_route=\/wp\/v2\/posts"}],"about":[{"href":"https:\/\/www.ub-comm.de\/index.php?rest_route=\/wp\/v2\/types\/post"}],"author":[{"embeddable":true,"href":"https:\/\/www.ub-comm.de\/index.php?rest_route=\/wp\/v2\/users\/3"}],"replies":[{"embeddable":true,"href":"https:\/\/www.ub-comm.de\/index.php?rest_route=%2Fwp%2Fv2%2Fcomments&post=7915"}],"version-history":[{"count":0,"href":"https:\/\/www.ub-comm.de\/index.php?rest_route=\/wp\/v2\/posts\/7915\/revisions"}],"wp:featuredmedia":[{"embeddable":true,"href":"https:\/\/www.ub-comm.de\/index.php?rest_route=\/wp\/v2\/media\/7917"}],"wp:attachment":[{"href":"https:\/\/www.ub-comm.de\/index.php?rest_route=%2Fwp%2Fv2%2Fmedia&parent=7915"}],"wp:term":[{"taxonomy":"category","embeddable":true,"href":"https:\/\/www.ub-comm.de\/index.php?rest_route=%2Fwp%2Fv2%2Fcategories&post=7915"},{"taxonomy":"post_tag","embeddable":true,"href":"https:\/\/www.ub-comm.de\/index.php?rest_route=%2Fwp%2Fv2%2Ftags&post=7915"}],"curies":[{"name":"wp","href":"https:\/\/api.w.org\/{rel}","templated":true}]}}