{"id":7865,"date":"2024-11-13T18:59:46","date_gmt":"2024-11-13T17:59:46","guid":{"rendered":"https:\/\/www.ub-comm.de\/?p=7865"},"modified":"2025-02-13T13:29:13","modified_gmt":"2025-02-13T12:29:13","slug":"veronika-harcsa-anastasia-razvalyaeva-balint-bolcso-mit-schubert-now-im-februar-2025","status":"publish","type":"post","link":"https:\/\/www.ub-comm.de\/?p=7865","title":{"rendered":"Veronika Harcsa | Anastasia Razvalyaeva | B\u00e1lint Bolcs\u00f3 mit Schubert NOW! im Februar 2025"},"content":{"rendered":"<p>Das am 07.02.2025 bei BMC Records <a href=\"https:\/\/spaces.hightail.com\/space\/GqveT4OjiT\"><img loading=\"lazy\" decoding=\"async\" src=\"https:\/\/www.ub-comm.de\/wp-content\/uploads\/2024\/11\/Cover-Veronika-Harcsa-Anastasia-Razvalyaeva-Balint-Bolcso-Schubert-NOW-1500x1500-1-300x300.jpg\" alt=\"\" width=\"300\" height=\"300\" class=\"alignright size-medium wp-image-7869\" srcset=\"https:\/\/www.ub-comm.de\/wp-content\/uploads\/2024\/11\/Cover-Veronika-Harcsa-Anastasia-Razvalyaeva-Balint-Bolcso-Schubert-NOW-1500x1500-1-300x300.jpg 300w, https:\/\/www.ub-comm.de\/wp-content\/uploads\/2024\/11\/Cover-Veronika-Harcsa-Anastasia-Razvalyaeva-Balint-Bolcso-Schubert-NOW-1500x1500-1-1024x1024.jpg 1024w, https:\/\/www.ub-comm.de\/wp-content\/uploads\/2024\/11\/Cover-Veronika-Harcsa-Anastasia-Razvalyaeva-Balint-Bolcso-Schubert-NOW-1500x1500-1-150x150.jpg 150w, https:\/\/www.ub-comm.de\/wp-content\/uploads\/2024\/11\/Cover-Veronika-Harcsa-Anastasia-Razvalyaeva-Balint-Bolcso-Schubert-NOW-1500x1500-1-768x768.jpg 768w, https:\/\/www.ub-comm.de\/wp-content\/uploads\/2024\/11\/Cover-Veronika-Harcsa-Anastasia-Razvalyaeva-Balint-Bolcso-Schubert-NOW-1500x1500-1.jpg 1500w\" sizes=\"auto, (max-width: 300px) 100vw, 300px\" \/><\/a>erscheinende neue Album <em>Schubert NOW!<\/em> von Veronika Harcsa, Anastasia Razvalyaeva und B\u00e1lint Bolcs\u00f3 verwandelt Schuberts Musik auf geradezu magische Weise: Improvisationen, zwischen klassischen und Jazz-Gesangstechniken liegende Klangfarben und elektronische Live-Effekte erweitern das unendlich-sinnliche und schaurig-sch\u00f6ne Universum von Schuberts Liedern zu einer zeitgen\u00f6ssischen r\u00e4umlichen Erfahrung. Dabei erweitert <em>Schubert NOW!<\/em> gleichzeitig die Ausdrucksm\u00f6glichkeiten der menschlichen Stimme und der Harfe.<\/p>\n<p>Die Reihe NOW! begann urspr\u00fcnglich als Duo der Harfenistin Anastasia Razvalyaeva und der Jazzs\u00e4ngerin Veronika Harcsa. Sie wollten mit den M\u00f6glichkeiten einer nicht-klassischen Stimmbildung experimentieren und in Debussys Liedern das Klavier durch Harfenbegleitung ersetzen. Zu ihnen gesellte sich M\u00e1rton Fenyvesi, der die musikalische Textur weniger mit seinem Gitarrenspiel erweiterte, sondern vielmehr den Live-Gesang und Harfenklang mit elektronischen Modulationen, Effekten und Filtern bearbeitete. Die unterschiedlichen Schichten der akustischen Komposition und der Elektronik verschmolzen dabei organisch in der tr\u00e4umerischen Welt des Albums.<\/p>\n<div class=\"brlbs-cmpnt-container brlbs-cmpnt-content-blocker brlbs-cmpnt-with-individual-styles\" data-borlabs-cookie-content-blocker-id=\"youtube-content-blocker\" data-borlabs-cookie-content=\"PGlmcmFtZSB3aWR0aD0iNjQwIiBoZWlnaHQ9IjM2MCIgc3JjPSJodHRwczovL3d3dy55b3V0dWJlLW5vY29va2llLmNvbS9lbWJlZC91VWd4NXhiZkpNaz9zaT05ZWsySHFYd09FZVBWVF9mIiB0aXRsZT0iWW91VHViZSB2aWRlbyBwbGF5ZXIiIGZyYW1lYm9yZGVyPSIwIiBhbGxvdz0iYWNjZWxlcm9tZXRlcjsgYXV0b3BsYXk7IGNsaXBib2FyZC13cml0ZTsgZW5jcnlwdGVkLW1lZGlhOyBneXJvc2NvcGU7IHBpY3R1cmUtaW4tcGljdHVyZTsgd2ViLXNoYXJlIiByZWZlcnJlcnBvbGljeT0ic3RyaWN0LW9yaWdpbi13aGVuLWNyb3NzLW9yaWdpbiIgYWxsb3dmdWxsc2NyZWVuPjwvaWZyYW1lPg==\">\n<div class=\"brlbs-cmpnt-cb-preset-c brlbs-cmpnt-cb-youtube\">\n<div class=\"brlbs-cmpnt-cb-thumbnail\" style=\"background-image: url('https:\/\/www.ub-comm.de\/wp-content\/uploads\/borlabs-cookie\/1\/yt_uUgx5xbfJMk_hqdefault.jpg')\"><\/div>\n<div class=\"brlbs-cmpnt-cb-main\">\n<div class=\"brlbs-cmpnt-cb-play-button\"><\/div>\n<div class=\"brlbs-cmpnt-cb-content\">\n<p class=\"brlbs-cmpnt-cb-description\">Sie sehen gerade einen Platzhalterinhalt von <strong>YouTube<\/strong>. Um auf den eigentlichen Inhalt zuzugreifen, klicken Sie auf die Schaltfl\u00e4che unten. Bitte beachten Sie, dass dabei Daten an Drittanbieter weitergegeben werden.<\/p>\n<p> <a class=\"brlbs-cmpnt-cb-provider-toggle\" href=\"#\" data-borlabs-cookie-show-provider-information role=\"button\">Mehr Informationen<\/a> <\/div>\n<div class=\"brlbs-cmpnt-cb-buttons\"> <a class=\"brlbs-cmpnt-cb-btn\" href=\"#\" data-borlabs-cookie-unblock role=\"button\">Inhalt entsperren<\/a> <a class=\"brlbs-cmpnt-cb-btn\" href=\"#\" data-borlabs-cookie-accept-service role=\"button\" style=\"display: inherit\">Erforderlichen Service akzeptieren und Inhalte entsperren<\/a> <\/div>\n<\/p><\/div>\n<\/p><\/div>\n<\/div>\n<p>Im zweiten Teil der NOW! Reihe haben Veronika Harcsa, Anastasia Razvalyaeva gemeinsam mit ihrem neuen Komplizen B\u00e1lint Bolcs\u00f3 von Anfang an eine ganz eigene Lesart von Schuberts Liedern entwickelt. Von abstraktem Noise bis hin zu Techno umfasst das Album die gesamte Bandbreite der elektronischen Musik und geht weit \u00fcber die Transformation des Klangs von Stimme und Harfe hinaus. Aus ausgew\u00e4hlten musikalischen Elementen von Schuberts Liedern kreiert Bolcs\u00f3 einen eigenen Klang, der sowohl die Stimme wie auch die Harfe in einen intensiven Dialog verwickelt. Schuberts Musik ist zwar vor allem f\u00fcr ihre transzendenten Harmonien ber\u00fchmt, aber das Trio fand, dass der Rhythmus genauso wichtig ist, und verst\u00e4rkte ihn daher in Grooves. Der erste Teil der Reihe, <em>Debussy NOW!<\/em> (2020) wurde f\u00fcr den Innovationspreis der Classical:NEXT, der gr\u00f6\u00dften internationalen Konferenz f\u00fcr klassische Musik, nominiert.<\/p>\n<div class=\"brlbs-cmpnt-container brlbs-cmpnt-content-blocker brlbs-cmpnt-with-individual-styles\" data-borlabs-cookie-content-blocker-id=\"youtube-content-blocker\" data-borlabs-cookie-content=\"PGlmcmFtZSB3aWR0aD0iNjQwIiBoZWlnaHQ9IjM2MCIgc3JjPSJodHRwczovL3d3dy55b3V0dWJlLW5vY29va2llLmNvbS9lbWJlZC9MV21BTTB4czBYaz9zaT1oTlo1ZjhyZVhtMFUxOWNTIiB0aXRsZT0iWW91VHViZSB2aWRlbyBwbGF5ZXIiIGZyYW1lYm9yZGVyPSIwIiBhbGxvdz0iYWNjZWxlcm9tZXRlcjsgYXV0b3BsYXk7IGNsaXBib2FyZC13cml0ZTsgZW5jcnlwdGVkLW1lZGlhOyBneXJvc2NvcGU7IHBpY3R1cmUtaW4tcGljdHVyZTsgd2ViLXNoYXJlIiByZWZlcnJlcnBvbGljeT0ic3RyaWN0LW9yaWdpbi13aGVuLWNyb3NzLW9yaWdpbiIgYWxsb3dmdWxsc2NyZWVuPjwvaWZyYW1lPg==\">\n<div class=\"brlbs-cmpnt-cb-preset-c brlbs-cmpnt-cb-youtube\">\n<div class=\"brlbs-cmpnt-cb-thumbnail\" style=\"background-image: url('https:\/\/www.ub-comm.de\/wp-content\/uploads\/borlabs-cookie\/1\/yt_LWmAM0xs0Xk_hqdefault.jpg')\"><\/div>\n<div class=\"brlbs-cmpnt-cb-main\">\n<div class=\"brlbs-cmpnt-cb-play-button\"><\/div>\n<div class=\"brlbs-cmpnt-cb-content\">\n<p class=\"brlbs-cmpnt-cb-description\">Sie sehen gerade einen Platzhalterinhalt von <strong>YouTube<\/strong>. Um auf den eigentlichen Inhalt zuzugreifen, klicken Sie auf die Schaltfl\u00e4che unten. Bitte beachten Sie, dass dabei Daten an Drittanbieter weitergegeben werden.<\/p>\n<p> <a class=\"brlbs-cmpnt-cb-provider-toggle\" href=\"#\" data-borlabs-cookie-show-provider-information role=\"button\">Mehr Informationen<\/a> <\/div>\n<div class=\"brlbs-cmpnt-cb-buttons\"> <a class=\"brlbs-cmpnt-cb-btn\" href=\"#\" data-borlabs-cookie-unblock role=\"button\">Inhalt entsperren<\/a> <a class=\"brlbs-cmpnt-cb-btn\" href=\"#\" data-borlabs-cookie-accept-service role=\"button\" style=\"display: inherit\">Erforderlichen Service akzeptieren und Inhalte entsperren<\/a> <\/div>\n<\/p><\/div>\n<\/p><\/div>\n<\/div>\n<p><!--more--><\/p>\n<p><strong>Hintergrund:<\/strong><\/p>\n<p><strong>Veronika Harcsa<\/strong> ist die beliebteste Jazzs\u00e4ngerin Ungarns und die anerkannteste Vokalistin des Landes im Ausland. Drei ihrer Alben mit dem Gitarristen B\u00e1lint Gy\u00e9m\u00e1nt sind bei deutschen Labels erschienen und als Duo sind sie bei der jazzahead und vielen anderen Festivals und Clubshows aufgetreten. BMC Records ver\u00f6ffentlicht Veronika Harcas zeitgen\u00f6ssische Improvisations- und Klassikprojekte wie das zuvor bereits erw\u00e4hnte Album <em>Debussy NOW!<\/em>, ein Bart\u00f3k-Album des Modern Art Orchestra, <em>Different Aspects of Silence<\/em> mit Korn\u00e9l Fekete-Kov\u00e1cs, das Robert Balzar Trio und Dan B\u00e1rta oder <em>Shekhinah und The Language of Flower<\/em>s, die in Zusammenarbeit mit G\u00e1bor Gad\u00f3 entstanden sind. <\/p>\n<div class=\"brlbs-cmpnt-container brlbs-cmpnt-content-blocker brlbs-cmpnt-with-individual-styles\" data-borlabs-cookie-content-blocker-id=\"youtube-content-blocker\" data-borlabs-cookie-content=\"PGlmcmFtZSB3aWR0aD0iNjQwIiBoZWlnaHQ9IjM2MCIgc3JjPSJodHRwczovL3d3dy55b3V0dWJlLW5vY29va2llLmNvbS9lbWJlZC81MDA5cDlpRmMzMD9zaT1mb0R4UDdtWElFOTlkZklEIiB0aXRsZT0iWW91VHViZSB2aWRlbyBwbGF5ZXIiIGZyYW1lYm9yZGVyPSIwIiBhbGxvdz0iYWNjZWxlcm9tZXRlcjsgYXV0b3BsYXk7IGNsaXBib2FyZC13cml0ZTsgZW5jcnlwdGVkLW1lZGlhOyBneXJvc2NvcGU7IHBpY3R1cmUtaW4tcGljdHVyZTsgd2ViLXNoYXJlIiByZWZlcnJlcnBvbGljeT0ic3RyaWN0LW9yaWdpbi13aGVuLWNyb3NzLW9yaWdpbiIgYWxsb3dmdWxsc2NyZWVuPjwvaWZyYW1lPg==\">\n<div class=\"brlbs-cmpnt-cb-preset-c brlbs-cmpnt-cb-youtube\">\n<div class=\"brlbs-cmpnt-cb-thumbnail\" style=\"background-image: url('https:\/\/www.ub-comm.de\/wp-content\/uploads\/borlabs-cookie\/1\/yt_5009p9iFc30_hqdefault.jpg')\"><\/div>\n<div class=\"brlbs-cmpnt-cb-main\">\n<div class=\"brlbs-cmpnt-cb-play-button\"><\/div>\n<div class=\"brlbs-cmpnt-cb-content\">\n<p class=\"brlbs-cmpnt-cb-description\">Sie sehen gerade einen Platzhalterinhalt von <strong>YouTube<\/strong>. Um auf den eigentlichen Inhalt zuzugreifen, klicken Sie auf die Schaltfl\u00e4che unten. Bitte beachten Sie, dass dabei Daten an Drittanbieter weitergegeben werden.<\/p>\n<p> <a class=\"brlbs-cmpnt-cb-provider-toggle\" href=\"#\" data-borlabs-cookie-show-provider-information role=\"button\">Mehr Informationen<\/a> <\/div>\n<div class=\"brlbs-cmpnt-cb-buttons\"> <a class=\"brlbs-cmpnt-cb-btn\" href=\"#\" data-borlabs-cookie-unblock role=\"button\">Inhalt entsperren<\/a> <a class=\"brlbs-cmpnt-cb-btn\" href=\"#\" data-borlabs-cookie-accept-service role=\"button\" style=\"display: inherit\">Erforderlichen Service akzeptieren und Inhalte entsperren<\/a> <\/div>\n<\/p><\/div>\n<\/p><\/div>\n<\/div>\n<p><strong>Anastasia Razvalyaeva<\/strong> hat sich den Stereotypen \u00fcber Harfenistinnen und dem f\u00fcr sie vorgezeichneten Weg schon seit ihren Teenagertagen in au\u00dfergew\u00f6hnlichen Projekten widersetzt. Gemeinsam mit der Sopranistin Em\u0151ke Bar\u00e1th arrangierte sie Schuberts Liederzyklus<em> Winterreise<\/em> f\u00fcr Harfe und Stimme. Ihr Duo SeRa mit der Saxophonistin Erzs\u00e9bet Seleljo hat die Kreation und Auff\u00fchrung von zeitgen\u00f6ssischen Werken in Ungarn und dar\u00fcber hinaus gef\u00f6rdert.<\/p>\n<div class=\"brlbs-cmpnt-container brlbs-cmpnt-content-blocker brlbs-cmpnt-with-individual-styles\" data-borlabs-cookie-content-blocker-id=\"youtube-content-blocker\" data-borlabs-cookie-content=\"PGlmcmFtZSB3aWR0aD0iNjQwIiBoZWlnaHQ9IjM2MCIgc3JjPSJodHRwczovL3d3dy55b3V0dWJlLW5vY29va2llLmNvbS9lbWJlZC82UXBhemJWN1E4VT9zaT1MYmxleHVHZVlVUkdDOGlaIiB0aXRsZT0iWW91VHViZSB2aWRlbyBwbGF5ZXIiIGZyYW1lYm9yZGVyPSIwIiBhbGxvdz0iYWNjZWxlcm9tZXRlcjsgYXV0b3BsYXk7IGNsaXBib2FyZC13cml0ZTsgZW5jcnlwdGVkLW1lZGlhOyBneXJvc2NvcGU7IHBpY3R1cmUtaW4tcGljdHVyZTsgd2ViLXNoYXJlIiByZWZlcnJlcnBvbGljeT0ic3RyaWN0LW9yaWdpbi13aGVuLWNyb3NzLW9yaWdpbiIgYWxsb3dmdWxsc2NyZWVuPjwvaWZyYW1lPg==\">\n<div class=\"brlbs-cmpnt-cb-preset-c brlbs-cmpnt-cb-youtube\">\n<div class=\"brlbs-cmpnt-cb-thumbnail\" style=\"background-image: url('https:\/\/www.ub-comm.de\/wp-content\/uploads\/borlabs-cookie\/1\/yt_6QpazbV7Q8U_hqdefault.jpg')\"><\/div>\n<div class=\"brlbs-cmpnt-cb-main\">\n<div class=\"brlbs-cmpnt-cb-play-button\"><\/div>\n<div class=\"brlbs-cmpnt-cb-content\">\n<p class=\"brlbs-cmpnt-cb-description\">Sie sehen gerade einen Platzhalterinhalt von <strong>YouTube<\/strong>. Um auf den eigentlichen Inhalt zuzugreifen, klicken Sie auf die Schaltfl\u00e4che unten. Bitte beachten Sie, dass dabei Daten an Drittanbieter weitergegeben werden.<\/p>\n<p> <a class=\"brlbs-cmpnt-cb-provider-toggle\" href=\"#\" data-borlabs-cookie-show-provider-information role=\"button\">Mehr Informationen<\/a> <\/div>\n<div class=\"brlbs-cmpnt-cb-buttons\"> <a class=\"brlbs-cmpnt-cb-btn\" href=\"#\" data-borlabs-cookie-unblock role=\"button\">Inhalt entsperren<\/a> <a class=\"brlbs-cmpnt-cb-btn\" href=\"#\" data-borlabs-cookie-accept-service role=\"button\" style=\"display: inherit\">Erforderlichen Service akzeptieren und Inhalte entsperren<\/a> <\/div>\n<\/p><\/div>\n<\/p><\/div>\n<\/div>\n<p><strong>B\u00e1lint Bolcs\u00f3 <\/strong>ist einer der kenntnisreichsten und dabei sensibelsten K\u00fcnstler in der ungarischen elektronischen Musikszene. Er lehrt an der Universit\u00e4t P\u00e9cs und der Budapester Musikakademie. Neben seiner kompositorischen T\u00e4tigkeit ist er regelm\u00e4\u00dfig Teil von Klangpoesieabenden, Performances und improvisierten Konzerten und hat an mehr fast zwanzig Aufnahmen mitgewirkt. <\/p>\n<div id=\"attachment_7866\" style=\"width: 650px\" class=\"wp-caption aligncenter\"><a href=\"https:\/\/www.ub-comm.de\/wp-content\/uploads\/2024\/11\/Pressephoto-2-SchubertNOW-vlnr-Veronika-Harcsa-Anastasia-Razvalyaeva-Balint-Bolcso-Photo-Credit-Daniel-Nemeth-1500x1000-1.jpg\"><img loading=\"lazy\" decoding=\"async\" aria-describedby=\"caption-attachment-7866\" src=\"https:\/\/www.ub-comm.de\/wp-content\/uploads\/2024\/11\/Pressephoto-2-SchubertNOW-vlnr-Veronika-Harcsa-Anastasia-Razvalyaeva-Balint-Bolcso-Photo-Credit-Daniel-Nemeth-1500x1000-1-1024x683.jpg\" alt=\"\" width=\"640\" height=\"427\" class=\"size-large wp-image-7866\" srcset=\"https:\/\/www.ub-comm.de\/wp-content\/uploads\/2024\/11\/Pressephoto-2-SchubertNOW-vlnr-Veronika-Harcsa-Anastasia-Razvalyaeva-Balint-Bolcso-Photo-Credit-Daniel-Nemeth-1500x1000-1-1024x683.jpg 1024w, https:\/\/www.ub-comm.de\/wp-content\/uploads\/2024\/11\/Pressephoto-2-SchubertNOW-vlnr-Veronika-Harcsa-Anastasia-Razvalyaeva-Balint-Bolcso-Photo-Credit-Daniel-Nemeth-1500x1000-1-300x200.jpg 300w, https:\/\/www.ub-comm.de\/wp-content\/uploads\/2024\/11\/Pressephoto-2-SchubertNOW-vlnr-Veronika-Harcsa-Anastasia-Razvalyaeva-Balint-Bolcso-Photo-Credit-Daniel-Nemeth-1500x1000-1-768x512.jpg 768w, https:\/\/www.ub-comm.de\/wp-content\/uploads\/2024\/11\/Pressephoto-2-SchubertNOW-vlnr-Veronika-Harcsa-Anastasia-Razvalyaeva-Balint-Bolcso-Photo-Credit-Daniel-Nemeth-1500x1000-1.jpg 1499w\" sizes=\"auto, (max-width: 640px) 100vw, 640px\" \/><\/a><p id=\"caption-attachment-7866\" class=\"wp-caption-text\">SchubertNOW!<br \/>vlnr Anastasia Razvalyaeva,<br \/>Veronika Harcsa, B\u00e1lint Bolcs\u00f3<br \/>(Photo Credit: Daniel Nemeth)<\/p><\/div>\n<p><strong>Veronika Harcsa | Anastasia Razvalyaeva | B\u00e1lint Bolcs\u00f3<\/strong><br \/>\nDas Album: <em>Schubert NOW!<\/em><br \/>\nV\u00d6: 07.02.2025<br \/>\nLabel: BMC Records<br \/>\nVertriebe: Galileo (CD), The Orchard (digital)<br \/>\nFormate: CD \/ digital<br \/>\nKatalognummer: BMCCD329<br \/>\nEAN CD: 5998309303296<br \/>\nLabelcode: 07503<\/p>\n","protected":false},"excerpt":{"rendered":"<p>Das am 07.02.2025 bei BMC Records erscheinende neue Album Schubert NOW! von Veronika Harcsa, Anastasia Razvalyaeva und B\u00e1lint Bolcs\u00f3 verwandelt Schuberts Musik auf geradezu magische Weise: Improvisationen, zwischen klassischen und Jazz-Gesangstechniken liegende Klangfarben und elektronische Live-Effekte erweitern das unendlich-sinnliche und schaurig-sch\u00f6ne Universum von Schuberts Liedern zu einer zeitgen\u00f6ssischen r\u00e4umlichen Erfahrung. Dabei erweitert Schubert NOW! gleichzeitig die Ausdrucksm\u00f6glichkeiten der menschlichen Stimme und der Harfe. Die Reihe NOW! begann urspr\u00fcnglich als Duo &hellip; <a href=\"https:\/\/www.ub-comm.de\/?p=7865\">Weiterlesen <span class=\"meta-nav\">&rarr;<\/span><\/a><\/p>\n","protected":false},"author":3,"featured_media":7869,"comment_status":"closed","ping_status":"open","sticky":false,"template":"","format":"standard","meta":{"footnotes":""},"categories":[1],"tags":[5577,7233,5581,2258,5579,439,7236,5580,111,2561,7235,7234,7237,2994,4777],"class_list":["post-7865","post","type-post","status-publish","format-standard","has-post-thumbnail","hentry","category-news-tour-dates","tag-anastasia-razvalyaeva","tag-balint-bolcso","tag-bmc-records","tag-budapest","tag-debussy-now","tag-elektronik","tag-franz-schubert","tag-harfe","tag-jazz","tag-klassik","tag-schubert","tag-schubert-now","tag-stimme","tag-ungarn","tag-veronika-harcsa"],"_links":{"self":[{"href":"https:\/\/www.ub-comm.de\/index.php?rest_route=\/wp\/v2\/posts\/7865","targetHints":{"allow":["GET"]}}],"collection":[{"href":"https:\/\/www.ub-comm.de\/index.php?rest_route=\/wp\/v2\/posts"}],"about":[{"href":"https:\/\/www.ub-comm.de\/index.php?rest_route=\/wp\/v2\/types\/post"}],"author":[{"embeddable":true,"href":"https:\/\/www.ub-comm.de\/index.php?rest_route=\/wp\/v2\/users\/3"}],"replies":[{"embeddable":true,"href":"https:\/\/www.ub-comm.de\/index.php?rest_route=%2Fwp%2Fv2%2Fcomments&post=7865"}],"version-history":[{"count":0,"href":"https:\/\/www.ub-comm.de\/index.php?rest_route=\/wp\/v2\/posts\/7865\/revisions"}],"wp:featuredmedia":[{"embeddable":true,"href":"https:\/\/www.ub-comm.de\/index.php?rest_route=\/wp\/v2\/media\/7869"}],"wp:attachment":[{"href":"https:\/\/www.ub-comm.de\/index.php?rest_route=%2Fwp%2Fv2%2Fmedia&parent=7865"}],"wp:term":[{"taxonomy":"category","embeddable":true,"href":"https:\/\/www.ub-comm.de\/index.php?rest_route=%2Fwp%2Fv2%2Fcategories&post=7865"},{"taxonomy":"post_tag","embeddable":true,"href":"https:\/\/www.ub-comm.de\/index.php?rest_route=%2Fwp%2Fv2%2Ftags&post=7865"}],"curies":[{"name":"wp","href":"https:\/\/api.w.org\/{rel}","templated":true}]}}