{"id":7446,"date":"2024-01-23T11:19:38","date_gmt":"2024-01-23T10:19:38","guid":{"rendered":"https:\/\/www.ub-comm.de\/?p=7446"},"modified":"2024-04-08T10:26:37","modified_gmt":"2024-04-08T08:26:37","slug":"conexao-berlin-mit-neuem-album-im-april-2024","status":"publish","type":"post","link":"https:\/\/www.ub-comm.de\/?p=7446","title":{"rendered":"Conex\u00e3o Berlin mit neuem Album im April 2024"},"content":{"rendered":"<p>Am 19.04.2024 ver\u00f6ffentlicht das <a href=\"https:\/\/www.ub-comm.de\/wp-content\/uploads\/2024\/01\/Cover-Conexao-Berlin-Vagabundo-1000x1000-1.jpg\"><img loading=\"lazy\" decoding=\"async\" class=\"alignright size-medium wp-image-7447\" src=\"https:\/\/www.ub-comm.de\/wp-content\/uploads\/2024\/01\/Cover-Conexao-Berlin-Vagabundo-1000x1000-1-300x300.jpg\" alt=\"\" width=\"300\" height=\"300\" srcset=\"https:\/\/www.ub-comm.de\/wp-content\/uploads\/2024\/01\/Cover-Conexao-Berlin-Vagabundo-1000x1000-1-300x300.jpg 300w, https:\/\/www.ub-comm.de\/wp-content\/uploads\/2024\/01\/Cover-Conexao-Berlin-Vagabundo-1000x1000-1-150x150.jpg 150w, https:\/\/www.ub-comm.de\/wp-content\/uploads\/2024\/01\/Cover-Conexao-Berlin-Vagabundo-1000x1000-1-768x768.jpg 768w, https:\/\/www.ub-comm.de\/wp-content\/uploads\/2024\/01\/Cover-Conexao-Berlin-Vagabundo-1000x1000-1.jpg 1000w\" sizes=\"auto, (max-width: 300px) 100vw, 300px\" \/><\/a>Musikkollektiv Conex\u00e3o Berlin sein neues Album <em>Vagabundo<\/em>. Die Band steht f\u00fcr eine groovebetonte, lustvolle Instrumentalmusik zwischen Jazz, s\u00fcdamerikanischen Kl\u00e4ngen und mehr, sowie der Verbindung von Anspruch und emotionaler Kraft, Geist und K\u00f6rper in einer ganz eigenen Musiksprache.<\/p>\n<p>Gr\u00fcnder des Ensembles ist der Berliner Perkussionist Andreas Weiser. Er hat sich in vielen Jahren Aufenthalt und etlichen Tourneen in Brasilien zum Mittler zwischen der reichen Tradition s\u00fcdamerikanisch-brasilianischer Instrumentalmusik und dem eigenst\u00e4ndigen europ\u00e4ischen Jazz der letzten Jahrzehnte entwickelt. Darunter waren u.a. bekannte Musiker*innen wie Paulo Moura, Dom Um Rom\u00e3o, Jorge Degas, Rog\u00e9rio Souza, Bocato, Rowney Scott, Gabi Guedes u.v.m. <\/p>\n<p>F\u00fcr sein Projekt Conex\u00e3o Berlin hat Weiser eine illustre Schar an Mitstreitern um sich geschart, die den Spannungsbogen seiner Musik perfekt verk\u00f6rpert. Nicht zuletzt auch auf der B\u00fchne, wo die Band mit ihren Grooves, ausget\u00fcftelten Melodielinien und Harmonien sowie herausragenden Soli immer wieder \u00fcberzeugt \u2013 so auch 2018 bei einer 2 \u00bd-w\u00f6chigen Brasilientournee.<\/p>\n<p>Das 2017 ver\u00f6ffentlichte erste Album <em>produto importado<\/em> war f\u00fcr den Vierteljahrespreis der Schallplattenkritik nominiert und \u201eCD der Woche\u201c bei <em>NDR Info<\/em>, Teile eines Konzerts liefen im Rahmen von <em>arte Concerts<\/em> \u201eLate Summer Jazz\u201c.<\/p>\n<p><strong>Das neue Album:<\/strong><\/p>\n<p style=\"text-align: center;\"><em>Two melancholies meet like two rivers in this soft and careful record. The Rio Negro and the Amazon, the Yangtze and the Han, the Rhone and the Arne, the Beberibe and the Capibaribe&#8230;.<\/em><br \/>\n<em>These rivers run clear and separate, but always side by side till they reach the sea.<\/em><br \/>\n<em>Arto Lindsay<\/em><\/p>\n<p>Das neue Album ist im K\u00f6lner Riverside Studio unter der \u00c4gide von Produzent Ralf Kemper eingespielt worden. Es ist eine konsequente Fortsetzung sowie Weiterentwicklung des ersten Albums. St\u00e4rker als beim Vorg\u00e4nger wirkt auf <em>Vagabundo<\/em> die Verbindung zwischen der brasilianischen Rhythmustradition und der urbanen Realit\u00e4t und kulturellen Diversit\u00e4t Berlins. Statt Berliner Swingjazz-Tradition lehnt sich die Band an zeitgen\u00f6ssische Entwicklungen des Jazz, stilistische Offenheit und Raffinesse mit neuem, brasilianischem Twist an. Sie spiegelt sich auch in den postmigrantischen Hintergr\u00fcnden der Band wider. Die Wurzeln ihrer Mitglieder liegen in Kroatien, der Schweiz, Schweden und nicht zuletzt auch in Deutschland. Das Titelst\u00fcck des Albums, \u201eVagabundo\u201c, auf Basis eines 7\/4-\u201eodd meters\u201c steht exemplarisch f\u00fcr diese Entwicklung.<\/p>\n<div class=\"brlbs-cmpnt-container brlbs-cmpnt-content-blocker brlbs-cmpnt-with-individual-styles\" data-borlabs-cookie-content-blocker-id=\"youtube-content-blocker\" data-borlabs-cookie-content=\"PGlmcmFtZSB3aWR0aD0iNjQwIiBoZWlnaHQ9IjM2MCIgc3JjPSJodHRwczovL3d3dy55b3V0dWJlLW5vY29va2llLmNvbS9lbWJlZC9UZ0tDeVkzXzUxcz9zaT1PdUdoVWpkMGlBQWxpbkdZIiB0aXRsZT0iWW91VHViZSB2aWRlbyBwbGF5ZXIiIGZyYW1lYm9yZGVyPSIwIiBhbGxvdz0iYWNjZWxlcm9tZXRlcjsgYXV0b3BsYXk7IGNsaXBib2FyZC13cml0ZTsgZW5jcnlwdGVkLW1lZGlhOyBneXJvc2NvcGU7IHBpY3R1cmUtaW4tcGljdHVyZTsgd2ViLXNoYXJlIiBhbGxvd2Z1bGxzY3JlZW4+PC9pZnJhbWU+\">\n<div class=\"brlbs-cmpnt-cb-preset-c brlbs-cmpnt-cb-youtube\">\n<div class=\"brlbs-cmpnt-cb-thumbnail\" style=\"background-image: url('https:\/\/www.ub-comm.de\/wp-content\/uploads\/borlabs-cookie\/1\/yt_TgKCyY3_51s_hqdefault.jpg')\"><\/div>\n<div class=\"brlbs-cmpnt-cb-main\">\n<div class=\"brlbs-cmpnt-cb-play-button\"><\/div>\n<div class=\"brlbs-cmpnt-cb-content\">\n<p class=\"brlbs-cmpnt-cb-description\">Sie sehen gerade einen Platzhalterinhalt von <strong>YouTube<\/strong>. Um auf den eigentlichen Inhalt zuzugreifen, klicken Sie auf die Schaltfl\u00e4che unten. Bitte beachten Sie, dass dabei Daten an Drittanbieter weitergegeben werden.<\/p>\n<p> <a class=\"brlbs-cmpnt-cb-provider-toggle\" href=\"#\" data-borlabs-cookie-show-provider-information role=\"button\">Mehr Informationen<\/a> <\/div>\n<div class=\"brlbs-cmpnt-cb-buttons\"> <a class=\"brlbs-cmpnt-cb-btn\" href=\"#\" data-borlabs-cookie-unblock role=\"button\">Inhalt entsperren<\/a> <a class=\"brlbs-cmpnt-cb-btn\" href=\"#\" data-borlabs-cookie-accept-service role=\"button\" style=\"display: inherit\">Erforderlichen Service akzeptieren und Inhalte entsperren<\/a> <\/div>\n<\/p><\/div>\n<\/p><\/div>\n<\/div>\n<p>Das rhythmische Grundger\u00fcst f\u00fcr das St\u00fcck \u201eSeduction of inadequacy\u201c liefert ein Groove aus dem Nordosten Brasiliens namens Bai\u00e3o, die Ballade \u201eLet me know how you are\u201c ist an einen Bossa angelehnt, und das 2018 w\u00e4hrend der Brasilientour von Conex\u00e3o Berlin entstandene \u201eele n\u00e3o\u201c beruht auf einem Afox\u00e9-Rhythmus. Es ist eine Hommage an die gleichnamige Bewegung gegen den ehemaligen Pr\u00e4sidenten Bolsonaro und ihr Motto, denn \u201eele n\u00e3o\u201c bedeutet \u00fcbersetzt \u201eder nicht\u201c.<\/p>\n<div class=\"brlbs-cmpnt-container brlbs-cmpnt-content-blocker brlbs-cmpnt-with-individual-styles\" data-borlabs-cookie-content-blocker-id=\"youtube-content-blocker\" data-borlabs-cookie-content=\"PGlmcmFtZSB3aWR0aD0iNjQwIiBoZWlnaHQ9IjM2MCIgc3JjPSJodHRwczovL3d3dy55b3V0dWJlLW5vY29va2llLmNvbS9lbWJlZC9qVktZX0RXTGNSRT9zaT1kZ3E3N2xIa184MldxWXVPIiB0aXRsZT0iWW91VHViZSB2aWRlbyBwbGF5ZXIiIGZyYW1lYm9yZGVyPSIwIiBhbGxvdz0iYWNjZWxlcm9tZXRlcjsgYXV0b3BsYXk7IGNsaXBib2FyZC13cml0ZTsgZW5jcnlwdGVkLW1lZGlhOyBneXJvc2NvcGU7IHBpY3R1cmUtaW4tcGljdHVyZTsgd2ViLXNoYXJlIiBhbGxvd2Z1bGxzY3JlZW4+PC9pZnJhbWU+\">\n<div class=\"brlbs-cmpnt-cb-preset-c brlbs-cmpnt-cb-youtube\">\n<div class=\"brlbs-cmpnt-cb-thumbnail\" style=\"background-image: url('https:\/\/www.ub-comm.de\/wp-content\/uploads\/borlabs-cookie\/1\/yt_jVKY_DWLcRE_hqdefault.jpg')\"><\/div>\n<div class=\"brlbs-cmpnt-cb-main\">\n<div class=\"brlbs-cmpnt-cb-play-button\"><\/div>\n<div class=\"brlbs-cmpnt-cb-content\">\n<p class=\"brlbs-cmpnt-cb-description\">Sie sehen gerade einen Platzhalterinhalt von <strong>YouTube<\/strong>. Um auf den eigentlichen Inhalt zuzugreifen, klicken Sie auf die Schaltfl\u00e4che unten. Bitte beachten Sie, dass dabei Daten an Drittanbieter weitergegeben werden.<\/p>\n<p> <a class=\"brlbs-cmpnt-cb-provider-toggle\" href=\"#\" data-borlabs-cookie-show-provider-information role=\"button\">Mehr Informationen<\/a> <\/div>\n<div class=\"brlbs-cmpnt-cb-buttons\"> <a class=\"brlbs-cmpnt-cb-btn\" href=\"#\" data-borlabs-cookie-unblock role=\"button\">Inhalt entsperren<\/a> <a class=\"brlbs-cmpnt-cb-btn\" href=\"#\" data-borlabs-cookie-accept-service role=\"button\" style=\"display: inherit\">Erforderlichen Service akzeptieren und Inhalte entsperren<\/a> <\/div>\n<\/p><\/div>\n<\/p><\/div>\n<\/div>\n<p>Neben Tino Derados und Andreas Weisers Eigenkompositionen verneigt sich die Band mit drei Coverversionen tief vor der lateinamerikanischen und im Besonderen brasilianischen Musik. Dabei war ihr wichtig, sich weitgehend an die Originale zu halten und trotzdem auf dem Album eine \u00e4sthetisch-musikalische Einheit zu erzielen. Bei dem lyrischen, auf einem Bai\u00e3o basierenden Vince Mendoza-Klassiker Oton\u00f5 ist Tino Derados Virtuosit\u00e4t am Klavier gefragt. Hermeto Pascoal, einer der kreativsten K\u00f6pfe der brasilianischen Instrumentalmusik, wird mit zwei St\u00fccken gew\u00fcrdigt. Ein schnelleres Tempo verpasste die Band der Komposition \u201eBeb\u00e9\u201c und in \u201eTaynara\u201c wurde ein Schlagzeugsolo eingebaut.<\/p>\n<div class=\"brlbs-cmpnt-container brlbs-cmpnt-content-blocker brlbs-cmpnt-with-individual-styles\" data-borlabs-cookie-content-blocker-id=\"youtube-content-blocker\" data-borlabs-cookie-content=\"PGlmcmFtZSB3aWR0aD0iNjQwIiBoZWlnaHQ9IjM2MCIgc3JjPSJodHRwczovL3d3dy55b3V0dWJlLW5vY29va2llLmNvbS9lbWJlZC9aejhvbzdwTDMtaz9zaT1RemNWUGU2dXlvVkNQMWp4IiB0aXRsZT0iWW91VHViZSB2aWRlbyBwbGF5ZXIiIGZyYW1lYm9yZGVyPSIwIiBhbGxvdz0iYWNjZWxlcm9tZXRlcjsgYXV0b3BsYXk7IGNsaXBib2FyZC13cml0ZTsgZW5jcnlwdGVkLW1lZGlhOyBneXJvc2NvcGU7IHBpY3R1cmUtaW4tcGljdHVyZTsgd2ViLXNoYXJlIiBhbGxvd2Z1bGxzY3JlZW4+PC9pZnJhbWU+\">\n<div class=\"brlbs-cmpnt-cb-preset-c brlbs-cmpnt-cb-youtube\">\n<div class=\"brlbs-cmpnt-cb-thumbnail\" style=\"background-image: url('https:\/\/www.ub-comm.de\/wp-content\/uploads\/borlabs-cookie\/1\/yt_Zz8oo7pL3-k_hqdefault.jpg')\"><\/div>\n<div class=\"brlbs-cmpnt-cb-main\">\n<div class=\"brlbs-cmpnt-cb-play-button\"><\/div>\n<div class=\"brlbs-cmpnt-cb-content\">\n<p class=\"brlbs-cmpnt-cb-description\">Sie sehen gerade einen Platzhalterinhalt von <strong>YouTube<\/strong>. Um auf den eigentlichen Inhalt zuzugreifen, klicken Sie auf die Schaltfl\u00e4che unten. Bitte beachten Sie, dass dabei Daten an Drittanbieter weitergegeben werden.<\/p>\n<p> <a class=\"brlbs-cmpnt-cb-provider-toggle\" href=\"#\" data-borlabs-cookie-show-provider-information role=\"button\">Mehr Informationen<\/a> <\/div>\n<div class=\"brlbs-cmpnt-cb-buttons\"> <a class=\"brlbs-cmpnt-cb-btn\" href=\"#\" data-borlabs-cookie-unblock role=\"button\">Inhalt entsperren<\/a> <a class=\"brlbs-cmpnt-cb-btn\" href=\"#\" data-borlabs-cookie-accept-service role=\"button\" style=\"display: inherit\">Erforderlichen Service akzeptieren und Inhalte entsperren<\/a> <\/div>\n<\/p><\/div>\n<\/p><\/div>\n<\/div>\n<p>Abgemischt wurden die St\u00fccke neben dem Stereomix f\u00fcr die CD-Version auch in einer besonders transparent und r\u00e4umlich klingenden Version f\u00fcr Dolby Atmos-f\u00e4hige Endger\u00e4te.<\/p>\n<p>Im Spanischen und Portugiesischen ist der Titel <em>Vagabundo<\/em> eigentlich ein Schimpfwort f\u00fcr Herumtreiber, Diebe und Obdachlose. Ganz im Sinne des Chaplin\u2019schen Tramps steht er in St\u00fccken des Albums wie \u201eHomesick to an unknown place\u201c, \u201eSearching for peace\u201c, \u201eSeduction of inadequacy\u201c oder dem Titelst\u00fcck aber f\u00fcr vom Leben nicht gerade reich beschenkte Lebensk\u00fcnstler. Mit Witz, Geschick und einer geh\u00f6rigen Portion Resilienz trotzen sie als Au\u00dfenseiter den Widrigkeiten in der Welt, ob in Berlin oder Rio.<\/p>\n<p><strong>Die Besetzung des Albums:<\/strong><\/p>\n<p>Einige der Projekte von Perkussionist <strong>Andreas Weiser<\/strong> sind Die Elefanten; Xiame, The Taal Tantra Experience, Nina Ernst und Shank. Er hat neben vielen brasilianischen Musiker*innen, die weiter oben schon genannt wurden, auch mit K\u00fcnstler*innen wie Teo Macero, Tiger Okoshi, Tanmoy Bose, Debashish Bhattacharya, Bob Moses, MIA, Les Percussions de Guin\u00e9e, Kevin Coyne oder Waldemar Bastos zusammengespielt, ob im Studio oder auf einer seiner zahlreichen Tourneen in Europa, Indien, den USA, Brasilien, Ecuador oder der T\u00fcrkei. Neben seinen musikalischen Projekten ist Weiser au\u00dferdem als Autor f\u00fcr Film, Fernsehen, Radio und Presse t\u00e4tig. <\/p>\n<div class=\"brlbs-cmpnt-container brlbs-cmpnt-content-blocker brlbs-cmpnt-with-individual-styles\" data-borlabs-cookie-content-blocker-id=\"youtube-content-blocker\" data-borlabs-cookie-content=\"PGlmcmFtZSB3aWR0aD0iNjQwIiBoZWlnaHQ9IjM2MCIgc3JjPSJodHRwczovL3d3dy55b3V0dWJlLW5vY29va2llLmNvbS9lbWJlZC9JMkpvQXhoYXh0QT9zaT15bjVxaDlwcmpza1FGM3R4IiB0aXRsZT0iWW91VHViZSB2aWRlbyBwbGF5ZXIiIGZyYW1lYm9yZGVyPSIwIiBhbGxvdz0iYWNjZWxlcm9tZXRlcjsgYXV0b3BsYXk7IGNsaXBib2FyZC13cml0ZTsgZW5jcnlwdGVkLW1lZGlhOyBneXJvc2NvcGU7IHBpY3R1cmUtaW4tcGljdHVyZTsgd2ViLXNoYXJlIiByZWZlcnJlcnBvbGljeT0ic3RyaWN0LW9yaWdpbi13aGVuLWNyb3NzLW9yaWdpbiIgYWxsb3dmdWxsc2NyZWVuPjwvaWZyYW1lPg==\">\n<div class=\"brlbs-cmpnt-cb-preset-c brlbs-cmpnt-cb-youtube\">\n<div class=\"brlbs-cmpnt-cb-thumbnail\" style=\"background-image: url('https:\/\/www.ub-comm.de\/wp-content\/uploads\/borlabs-cookie\/1\/yt_I2JoAxhaxtA_hqdefault.jpg')\"><\/div>\n<div class=\"brlbs-cmpnt-cb-main\">\n<div class=\"brlbs-cmpnt-cb-play-button\"><\/div>\n<div class=\"brlbs-cmpnt-cb-content\">\n<p class=\"brlbs-cmpnt-cb-description\">Sie sehen gerade einen Platzhalterinhalt von <strong>YouTube<\/strong>. Um auf den eigentlichen Inhalt zuzugreifen, klicken Sie auf die Schaltfl\u00e4che unten. Bitte beachten Sie, dass dabei Daten an Drittanbieter weitergegeben werden.<\/p>\n<p> <a class=\"brlbs-cmpnt-cb-provider-toggle\" href=\"#\" data-borlabs-cookie-show-provider-information role=\"button\">Mehr Informationen<\/a> <\/div>\n<div class=\"brlbs-cmpnt-cb-buttons\"> <a class=\"brlbs-cmpnt-cb-btn\" href=\"#\" data-borlabs-cookie-unblock role=\"button\">Inhalt entsperren<\/a> <a class=\"brlbs-cmpnt-cb-btn\" href=\"#\" data-borlabs-cookie-accept-service role=\"button\" style=\"display: inherit\">Erforderlichen Service akzeptieren und Inhalte entsperren<\/a> <\/div>\n<\/p><\/div>\n<\/p><\/div>\n<\/div>\n<p>Pianist und Komponist Prof. <strong>Tino Derado<\/strong> war \u00fcber 14 Jahre Mitglied der New Yorker Jazzszene und Begleitmusiker u.a. von Jamey Haddad, Richard Bona, Gary Burton, Jimmy Cliff, Peter Erskine u.v.m. Aktuell ist er als Sideman, Komponist und Arrangeur von deutschen MusikerInnen wie Till Br\u00f6nner, Lisa Bassenge, Esther Kaiser oder C\u00e9line Rudolph unterwegs.<\/p>\n<p>Der Schweizer Bassist <strong>Thomy Jordi<\/strong> war Sideman u.a. von Rosenstolz und Helge Schneider und war zehn Jahre lang Bassist der Band Ronin. Aktuell ist er u.a. mit Erika Stucky zu h\u00f6ren. <\/p>\n<p><strong>Matthias Trippner<\/strong> ist einer der versiertesten und groovigsten Schlagzeuger der Berliner Szene (u.a. bei Christoph Titz, Pat Appelton, Stefan Raab&#8230;) und einer der gefragtesten und meistbesch\u00e4ftigten Theatermusikkomponisten des deutschsprachigen Raums (Burgtheater Wien, Deutsches Theater, Berliner Ensemble, Schauspielhaus Hamburg, Schaub\u00fchne Berlin&#8230;)<\/p>\n<p>Der schwedische Trompeter <strong>Christian Magnusson<\/strong> spielte u.a. beim Hannes Zerbe Orchester und Dota. Dar\u00fcber hinaus sorgt er aktuell in der franz\u00f6sischen Jazzszene f\u00fcr Furore.<\/p>\n<p>Als Special Guest auf dem Album ist der Berliner Saxophonist und Fl\u00f6tist <strong>Max Hacker<\/strong> zu h\u00f6ren. Ausgebildet an der \u201eNew School\u201c in New York, war er Mitglied u.a. bei der Ska-Truppe Rotfront, der Big Band von Maria Baptist und ist Bandleader seines eigenen Quartetts. <\/p>\n<div id=\"attachment_7455\" style=\"width: 650px\" class=\"wp-caption aligncenter\"><a href=\"https:\/\/www.ub-comm.de\/wp-content\/uploads\/2024\/01\/Conexao-Berlin-Pressephoto-32-Photo-Credit-Gal-Oppido-vlnr-Christian-Magnusson-Tino-Derado-Andreas-Weiser-Matthias-Trippner-Thomy-Jordi-scaled.jpg\"><img loading=\"lazy\" decoding=\"async\" aria-describedby=\"caption-attachment-7455\" src=\"https:\/\/www.ub-comm.de\/wp-content\/uploads\/2024\/01\/Conexao-Berlin-Pressephoto-32-Photo-Credit-Gal-Oppido-vlnr-Christian-Magnusson-Tino-Derado-Andreas-Weiser-Matthias-Trippner-Thomy-Jordi-1024x683.jpg\" alt=\"\" width=\"640\" height=\"427\" class=\"size-large wp-image-7455\" srcset=\"https:\/\/www.ub-comm.de\/wp-content\/uploads\/2024\/01\/Conexao-Berlin-Pressephoto-32-Photo-Credit-Gal-Oppido-vlnr-Christian-Magnusson-Tino-Derado-Andreas-Weiser-Matthias-Trippner-Thomy-Jordi-1024x683.jpg 1024w, https:\/\/www.ub-comm.de\/wp-content\/uploads\/2024\/01\/Conexao-Berlin-Pressephoto-32-Photo-Credit-Gal-Oppido-vlnr-Christian-Magnusson-Tino-Derado-Andreas-Weiser-Matthias-Trippner-Thomy-Jordi-300x200.jpg 300w, https:\/\/www.ub-comm.de\/wp-content\/uploads\/2024\/01\/Conexao-Berlin-Pressephoto-32-Photo-Credit-Gal-Oppido-vlnr-Christian-Magnusson-Tino-Derado-Andreas-Weiser-Matthias-Trippner-Thomy-Jordi-768x512.jpg 768w, https:\/\/www.ub-comm.de\/wp-content\/uploads\/2024\/01\/Conexao-Berlin-Pressephoto-32-Photo-Credit-Gal-Oppido-vlnr-Christian-Magnusson-Tino-Derado-Andreas-Weiser-Matthias-Trippner-Thomy-Jordi-1536x1024.jpg 1536w, https:\/\/www.ub-comm.de\/wp-content\/uploads\/2024\/01\/Conexao-Berlin-Pressephoto-32-Photo-Credit-Gal-Oppido-vlnr-Christian-Magnusson-Tino-Derado-Andreas-Weiser-Matthias-Trippner-Thomy-Jordi-2048x1365.jpg 2048w\" sizes=\"auto, (max-width: 640px) 100vw, 640px\" \/><\/a><p id=\"caption-attachment-7455\" class=\"wp-caption-text\">Conex\u00e3o Berlin<br \/>(vlnr Christian Magnusson, Tino Derado, Andreas Weiser, Matthias Trippner, Thomy Jordi)<br \/>Photo Credit: Gal Oppido<\/p><\/div>\n<p><strong>Tourdaten:<\/strong><br \/>\n03.04.2024 Berlin \/ Jazzfabrik Schlot<br \/>\n19.04.2024 Berlin \/ Bflat<br \/>\n20.04.2024 Berlin \/ Bflat<br \/>\n25.04.2024 Berlin \/ Zig Zag Jazz Club<br \/>\n05.07.2024 Berlin \/ Bflat<br \/>\n06.07.2024 Berlin \/ Bflat<br \/>\nWeitere Tourdaten sind \u00fcber die Bookingagentur in Planung.<\/p>\n<p><strong>Weitere Informationen:<\/strong><br \/>\n<a href=\"https:\/\/www.conexaoberlin.com\/\" rel=\"noopener\" target=\"_blank\">https:\/\/www.conexaoberlin.com\/<\/a><\/p>\n<p><strong>Conex\u00e3o Berlin<\/strong><br \/>\nDas neue Album: <em>Vagabundo<\/em><br \/>\nV\u00d6: 19.04.2024<br \/>\nLabel: Eden River Records<br \/>\nVertrieb: Eden River Records<br \/>\nKatalognummern: ERR.CD-23 \/ ERR.DD-23<br \/>\nFormate: CD, digital<br \/>\nEAN\/UPC: folgt!<br \/>\nLabelcode: 34334<\/p>\n","protected":false},"excerpt":{"rendered":"<p>Am 19.04.2024 ver\u00f6ffentlicht das Musikkollektiv Conex\u00e3o Berlin sein neues Album Vagabundo. Die Band steht f\u00fcr eine groovebetonte, lustvolle Instrumentalmusik zwischen Jazz, s\u00fcdamerikanischen Kl\u00e4ngen und mehr, sowie der Verbindung von Anspruch und emotionaler Kraft, Geist und K\u00f6rper in einer ganz eigenen Musiksprache. Gr\u00fcnder des Ensembles ist der Berliner Perkussionist Andreas Weiser. Er hat sich in vielen Jahren Aufenthalt und etlichen Tourneen in Brasilien zum Mittler zwischen der reichen Tradition s\u00fcdamerikanisch-brasilianischer Instrumentalmusik &hellip; <a href=\"https:\/\/www.ub-comm.de\/?p=7446\">Weiterlesen <span class=\"meta-nav\">&rarr;<\/span><\/a><\/p>\n","protected":false},"author":3,"featured_media":7447,"comment_status":"closed","ping_status":"open","sticky":false,"template":"","format":"standard","meta":{"footnotes":""},"categories":[1],"tags":[6974,318,983,6979,6973,6981,111,6978,6980,6982,6983,6977,6976,6975],"class_list":["post-7446","post","type-post","status-publish","format-standard","has-post-thumbnail","hentry","category-news-tour-dates","tag-andreas-weiser","tag-berlin","tag-brasilien","tag-christian-magnusson","tag-conexao-berlin","tag-eden-river","tag-jazz","tag-matthias-trippner","tag-max-hacker","tag-ralf-kemper","tag-rhythmus","tag-thomy-jordi","tag-tino-derado","tag-vagabundo"],"_links":{"self":[{"href":"https:\/\/www.ub-comm.de\/index.php?rest_route=\/wp\/v2\/posts\/7446","targetHints":{"allow":["GET"]}}],"collection":[{"href":"https:\/\/www.ub-comm.de\/index.php?rest_route=\/wp\/v2\/posts"}],"about":[{"href":"https:\/\/www.ub-comm.de\/index.php?rest_route=\/wp\/v2\/types\/post"}],"author":[{"embeddable":true,"href":"https:\/\/www.ub-comm.de\/index.php?rest_route=\/wp\/v2\/users\/3"}],"replies":[{"embeddable":true,"href":"https:\/\/www.ub-comm.de\/index.php?rest_route=%2Fwp%2Fv2%2Fcomments&post=7446"}],"version-history":[{"count":0,"href":"https:\/\/www.ub-comm.de\/index.php?rest_route=\/wp\/v2\/posts\/7446\/revisions"}],"wp:featuredmedia":[{"embeddable":true,"href":"https:\/\/www.ub-comm.de\/index.php?rest_route=\/wp\/v2\/media\/7447"}],"wp:attachment":[{"href":"https:\/\/www.ub-comm.de\/index.php?rest_route=%2Fwp%2Fv2%2Fmedia&parent=7446"}],"wp:term":[{"taxonomy":"category","embeddable":true,"href":"https:\/\/www.ub-comm.de\/index.php?rest_route=%2Fwp%2Fv2%2Fcategories&post=7446"},{"taxonomy":"post_tag","embeddable":true,"href":"https:\/\/www.ub-comm.de\/index.php?rest_route=%2Fwp%2Fv2%2Ftags&post=7446"}],"curies":[{"name":"wp","href":"https:\/\/api.w.org\/{rel}","templated":true}]}}