{"id":6826,"date":"2022-10-26T09:31:45","date_gmt":"2022-10-26T07:31:45","guid":{"rendered":"https:\/\/www.ub-comm.de\/?p=6826"},"modified":"2022-12-14T10:52:47","modified_gmt":"2022-12-14T09:52:47","slug":"lucas-santtana-mit-neuem-album-am-13-01-2023","status":"publish","type":"post","link":"https:\/\/www.ub-comm.de\/?p=6826","title":{"rendered":"Lucas Santtana mit neuem Album am 13.01.2023"},"content":{"rendered":"<p>Lucas Santtanas neuntes, am 13.01.2023 <a href=\"https:\/\/www.ub-comm.de\/wp-content\/uploads\/2022\/10\/Cover-Lucas-Santtana-O-Paraiso-1-scaled.jpg\"><img loading=\"lazy\" decoding=\"async\" src=\"https:\/\/www.ub-comm.de\/wp-content\/uploads\/2022\/10\/Cover-Lucas-Santtana-O-Paraiso-1-300x300.jpg\" alt=\"\" width=\"300\" height=\"300\" class=\"alignright size-medium wp-image-6927\" srcset=\"https:\/\/www.ub-comm.de\/wp-content\/uploads\/2022\/10\/Cover-Lucas-Santtana-O-Paraiso-1-300x300.jpg 300w, https:\/\/www.ub-comm.de\/wp-content\/uploads\/2022\/10\/Cover-Lucas-Santtana-O-Paraiso-1-1024x1024.jpg 1024w, https:\/\/www.ub-comm.de\/wp-content\/uploads\/2022\/10\/Cover-Lucas-Santtana-O-Paraiso-1-150x150.jpg 150w, https:\/\/www.ub-comm.de\/wp-content\/uploads\/2022\/10\/Cover-Lucas-Santtana-O-Paraiso-1-768x768.jpg 768w, https:\/\/www.ub-comm.de\/wp-content\/uploads\/2022\/10\/Cover-Lucas-Santtana-O-Paraiso-1-1536x1536.jpg 1536w, https:\/\/www.ub-comm.de\/wp-content\/uploads\/2022\/10\/Cover-Lucas-Santtana-O-Paraiso-1-2048x2048.jpg 2048w\" sizes=\"auto, (max-width: 300px) 100vw, 300px\" \/><\/a>erscheinendes Soloalbum <em>O Para\u00edso<\/em> ist ein k\u00e4mpferisches Werk aus tr\u00fcgerisch sanften brasilianischen Kl\u00e4ngen, Jazz und Electronica. Es ist ein Appell an die Menschheit zum Umdenken: das Paradies existiert im Hier und Jetzt, auch wenn es verwundet sein mag. Wir alle tragen eine Mitverantwortung f\u00fcr seine sich best\u00e4ndig ver\u00e4ndernde Gestalt und sind verantwortlich f\u00fcr sein \u00dcberleben. <\/p>\n<p>Das Brasilienbild im Rest der Welt ist auch heute von Phantasien \u00fcber ein mysteri\u00f6ses, paradiesisches Land wie in der Beschreibung des deutschen Abenteurers Hans Staden aus dem 16. Jahrhundert oder den Bildern des franz\u00f6sischen Malers F\u00e9lix \u00c9mile Taunay aus dem 19. Jahrhundert gepr\u00e4gt \u2013 eine Vision von Eden, die brasilianische Musiker*innen sp\u00e4ter in ihr Gitarrenspiel einflie\u00dfen lassen sollten. Lucas Santtana lie\u00df sich davon inspirieren und verstand, dass das Gef\u00fchl der nat\u00fcrlichen Sch\u00f6nheit universell ist. <\/p>\n<p>\u201eWie im Paradies\u201c f\u00fchlen wir uns jedes Mal, wenn wir im Urlaub an einen wundersch\u00f6nen, inmitten der Natur gelegenen Ort reisen und sehen den Planet Erde intuitiv als Ort der Wunder. Auch wenn diese Pr\u00e4misse durch unser Wirtschaftsmodell der Ausbeutung nat\u00fcrlicher Ressourcen tiefe Dellen erhalten hat, ist sie in ihrem Kern richtig. Lucas Santtanas neues Album bewegt sich um den Gedanken herum, dass das Paradies schon da ist (\u201eO Paraiso j\u00e0 \u00e9 acqui\u201c) und wir daher den Sinkflug in die H\u00f6lle mit allen Kr\u00e4ften aufhalten m\u00fcssen. <\/p>\n<div class=\"brlbs-cmpnt-container brlbs-cmpnt-content-blocker brlbs-cmpnt-with-individual-styles\" data-borlabs-cookie-content-blocker-id=\"youtube-content-blocker\" data-borlabs-cookie-content=\"PGlmcmFtZSB3aWR0aD0iNjQwIiBoZWlnaHQ9IjM2MCIgc3JjPSJodHRwczovL3d3dy55b3V0dWJlLW5vY29va2llLmNvbS9lbWJlZC9abVE1cjdaekQ1MCIgdGl0bGU9IllvdVR1YmUgdmlkZW8gcGxheWVyIiBmcmFtZWJvcmRlcj0iMCIgYWxsb3c9ImFjY2VsZXJvbWV0ZXI7IGF1dG9wbGF5OyBjbGlwYm9hcmQtd3JpdGU7IGVuY3J5cHRlZC1tZWRpYTsgZ3lyb3Njb3BlOyBwaWN0dXJlLWluLXBpY3R1cmUiIGFsbG93ZnVsbHNjcmVlbj48L2lmcmFtZT4=\">\n<div class=\"brlbs-cmpnt-cb-preset-c brlbs-cmpnt-cb-youtube\">\n<div class=\"brlbs-cmpnt-cb-thumbnail\" style=\"background-image: url('https:\/\/www.ub-comm.de\/wp-content\/uploads\/borlabs-cookie\/1\/yt_ZmQ5r7ZzD50_hqdefault.jpg')\"><\/div>\n<div class=\"brlbs-cmpnt-cb-main\">\n<div class=\"brlbs-cmpnt-cb-play-button\"><\/div>\n<div class=\"brlbs-cmpnt-cb-content\">\n<p class=\"brlbs-cmpnt-cb-description\">Sie sehen gerade einen Platzhalterinhalt von <strong>YouTube<\/strong>. Um auf den eigentlichen Inhalt zuzugreifen, klicken Sie auf die Schaltfl\u00e4che unten. Bitte beachten Sie, dass dabei Daten an Drittanbieter weitergegeben werden.<\/p>\n<p> <a class=\"brlbs-cmpnt-cb-provider-toggle\" href=\"#\" data-borlabs-cookie-show-provider-information role=\"button\">Mehr Informationen<\/a> <\/div>\n<div class=\"brlbs-cmpnt-cb-buttons\"> <a class=\"brlbs-cmpnt-cb-btn\" href=\"#\" data-borlabs-cookie-unblock role=\"button\">Inhalt entsperren<\/a> <a class=\"brlbs-cmpnt-cb-btn\" href=\"#\" data-borlabs-cookie-accept-service role=\"button\" style=\"display: inherit\">Erforderlichen Service akzeptieren und Inhalte entsperren<\/a> <\/div>\n<\/p><\/div>\n<\/p><\/div>\n<\/div>\n<p>Entstanden ist <em>O Para\u00edso<\/em> w\u00e4hrend der Pandemie. Dieser Einschnitt in die Menschheitsgeschichte konnte nicht spurlos an Lucas Santtana vorbeigehen. Er ist ein Sohn Bahias, der Zentrale des afro-brasilianischen Synkretismus mit seinen G\u00f6ttern und G\u00f6ttinnen, die das Wasser, den Donner, den Wald und das Meer kontrollieren. \u201eEs war wie eine Botschaft des Tierreichs an uns, angesichts seiner sich schon lange ank\u00fcndigenden Erstickungsgefahr. Die Fluten, Feuer, D\u00fcrren, Tsunamis, versp\u00e4teten Monsunregen, schmelzenden Gletscher und \u00d6lteppiche sind alle Alarmglocken, die wir nicht h\u00f6ren wollen. Wie viele SOS-Signale m\u00fcssen gesendet werden, bevor wir unsere Augen \u00f6ffnen\u201c fragt Lucas in einem filigranen St\u00fcck namens \u201eA Transmiss\u00e3o\u201c. <\/p>\n<p>Schon immer ist Lucas Santtana ernste Themen mit oft fr\u00f6hlich klingender Eleganz und Leichtigkeit angegangen, so auch auf <em>O Para\u00edso<\/em>. Ein Beispiel ist das auf Spanisch gesungene St\u00fcck \u201eSobre La Memoria\u201c. Die Lekt\u00fcre von David Wallace-Wells\u2018 Essay <em>Die Unbewohnbare Erde<\/em> mit seiner Beschreibung der H\u00f6lle bei einem Temperaturanstieg um 4\u00b0C, h\u00e4tte Santtana verzweifeln lassen k\u00f6nnen; stattdessen verwandelt er die Dramatik der Lage in Hoffnung und findet in den <em>Metamorphosen<\/em> und anderen Schriften des italienischen Philosophen Emanuele Coccia ein Gegengewicht: \u201eJedes Wesen ist eine Metamorphose, von der Schwangerschaft bis zu unserer Ern\u00e4hrung. Alles Leben ist metamorphisch, es durchl\u00e4uft Identit\u00e4ten und Welten ohne jemals der Passivit\u00e4t zu erliegen\u201c. Ein weiteres Beispiel ist das St\u00fcck \u201eWhat\u2019s Life\u201c, in dem er Texte der amerikanischen Mikrobiologin Lynn Margulis vertont. Der Text m\u00fcndet in die an Kraftwerk erinnernde Textzeile \u201eWe are the nature\u201c. <\/p>\n<div class=\"brlbs-cmpnt-container brlbs-cmpnt-content-blocker brlbs-cmpnt-with-individual-styles\" data-borlabs-cookie-content-blocker-id=\"youtube-content-blocker\" data-borlabs-cookie-content=\"PGlmcmFtZSB3aWR0aD0iNjQwIiBoZWlnaHQ9IjM2MCIgc3JjPSJodHRwczovL3d3dy55b3V0dWJlLW5vY29va2llLmNvbS9lbWJlZC8tVmlJTG9oOVdrdyIgdGl0bGU9IllvdVR1YmUgdmlkZW8gcGxheWVyIiBmcmFtZWJvcmRlcj0iMCIgYWxsb3c9ImFjY2VsZXJvbWV0ZXI7IGF1dG9wbGF5OyBjbGlwYm9hcmQtd3JpdGU7IGVuY3J5cHRlZC1tZWRpYTsgZ3lyb3Njb3BlOyBwaWN0dXJlLWluLXBpY3R1cmUiIGFsbG93ZnVsbHNjcmVlbj48L2lmcmFtZT4=\">\n<div class=\"brlbs-cmpnt-cb-preset-c brlbs-cmpnt-cb-youtube\">\n<div class=\"brlbs-cmpnt-cb-thumbnail\" style=\"background-image: url('https:\/\/www.ub-comm.de\/wp-content\/uploads\/borlabs-cookie\/1\/yt_-ViILoh9Wkw_hqdefault.jpg')\"><\/div>\n<div class=\"brlbs-cmpnt-cb-main\">\n<div class=\"brlbs-cmpnt-cb-play-button\"><\/div>\n<div class=\"brlbs-cmpnt-cb-content\">\n<p class=\"brlbs-cmpnt-cb-description\">Sie sehen gerade einen Platzhalterinhalt von <strong>YouTube<\/strong>. Um auf den eigentlichen Inhalt zuzugreifen, klicken Sie auf die Schaltfl\u00e4che unten. Bitte beachten Sie, dass dabei Daten an Drittanbieter weitergegeben werden.<\/p>\n<p> <a class=\"brlbs-cmpnt-cb-provider-toggle\" href=\"#\" data-borlabs-cookie-show-provider-information role=\"button\">Mehr Informationen<\/a> <\/div>\n<div class=\"brlbs-cmpnt-cb-buttons\"> <a class=\"brlbs-cmpnt-cb-btn\" href=\"#\" data-borlabs-cookie-unblock role=\"button\">Inhalt entsperren<\/a> <a class=\"brlbs-cmpnt-cb-btn\" href=\"#\" data-borlabs-cookie-accept-service role=\"button\" style=\"display: inherit\">Erforderlichen Service akzeptieren und Inhalte entsperren<\/a> <\/div>\n<\/p><\/div>\n<\/p><\/div>\n<\/div>\n<p>Santtana zeigt die Quellen unserer Plagen auf, um sie besser bek\u00e4mpfen zu k\u00f6nnen. Im Text der ersten Single \u201eVamos ficar na terra\u201c, die nach seiner Lekt\u00fcre eines Artikels \u00fcber Elon Musks Marspl\u00e4ne entstand, erz\u00e4hlt er von rasender Gier und Geiz, deren traute Vereinigung mit \u201eMr Consumption\u201c immer im Tod enden. \u201eIch w\u00fcrde Elon Musik sagen, dass es dumm ist zum Mars fliegen zu wollen, wenn wir die gigantische M\u00f6glichkeit haben, auf dem einzigen bewohnbaren Planeten des Sonnensystems zu leben\u201c. <\/p>\n<p>Thema des gemeinsam mit der Band Les Petits Chanteurs from Asni\u00e8res eingespielten franz\u00f6sischsprachigen Songs \u201eBiosphere\u201c ist der Wahnsinn und die L\u00fcsternheit der Agrarindustriellen und der Hersteller von Spitzentechnologien, die mit ihren L\u00fcgen den freien Fall noch weiter voran treiben statt ihn abzubremsen. Wir befinden uns in einer Zeit der Entscheidungen: weiterleben oder sterben. Wir sollten den Schamanen zuh\u00f6ren, den indigenen V\u00f6lkern, den wahrlich Zivilisierten singt Santtana: \u201eMan can never be master of a nature that\u2019s outside of him\u201d. <\/p>\n<p>In dem humorvollen Song \u201eMuita pose, pouca yoga\u201c mit Flavia Coelhos sonnendurchstrahlter Mitwirkung, greift Lucas kurze S\u00e4tze basierend auf bekannten politischen oder sozialen Slogans auf, die der Filmemacher Daniel Lisboa in ganz Salvador de Bahia an W\u00e4nde postet, wie eben auch \u201eViel Pose, wenig Yoga\u201c \u00fcber Yoga-Posts bei Instagram.<\/p>\n<p>Neben acht Eigenkompositionen gibt es zwei Coverversionen auf dem Album. Jorge Bens \u201eErrare Humanum Est\u201c ist eine auch von der jungen Garde der brasilianischen Singer-Songwriter wie Seu Jorge oder Rodrigo Amarante bekannte Meditation \u00fcber unsere kosmischen Urspr\u00fcnge aus dem Jahr 1974. Die zweite Coverversion ist Paul McCartneys \u201eThe Fool On the Hill\u201d aus dem Jahr 1967, hier im Duett mit Flore Benguigui von der Band L\u2019Imperatrice. Als das St\u00fcck geschrieben wurde, besch\u00e4ftigten sich die Beatles mit der Kraft der Schamanen, die das dritte Auge besitzen. Flore singt \u201ewie ein Vogel\u201c \u00fcber einem Pagod\u00e3o-Rhythmus aus Salvador de Bahia. <\/p>\n<div class=\"brlbs-cmpnt-container brlbs-cmpnt-content-blocker brlbs-cmpnt-with-individual-styles\" data-borlabs-cookie-content-blocker-id=\"youtube-content-blocker\" data-borlabs-cookie-content=\"PGlmcmFtZSB3aWR0aD0iNjQwIiBoZWlnaHQ9IjM2MCIgc3JjPSJodHRwczovL3d3dy55b3V0dWJlLW5vY29va2llLmNvbS9lbWJlZC92anRZbEZnZUVRdyIgdGl0bGU9IllvdVR1YmUgdmlkZW8gcGxheWVyIiBmcmFtZWJvcmRlcj0iMCIgYWxsb3c9ImFjY2VsZXJvbWV0ZXI7IGF1dG9wbGF5OyBjbGlwYm9hcmQtd3JpdGU7IGVuY3J5cHRlZC1tZWRpYTsgZ3lyb3Njb3BlOyBwaWN0dXJlLWluLXBpY3R1cmUiIGFsbG93ZnVsbHNjcmVlbj48L2lmcmFtZT4=\">\n<div class=\"brlbs-cmpnt-cb-preset-c brlbs-cmpnt-cb-youtube\">\n<div class=\"brlbs-cmpnt-cb-thumbnail\" style=\"background-image: url('https:\/\/www.ub-comm.de\/wp-content\/uploads\/borlabs-cookie\/1\/yt_vjtYlFgeEQw_hqdefault.jpg')\"><\/div>\n<div class=\"brlbs-cmpnt-cb-main\">\n<div class=\"brlbs-cmpnt-cb-play-button\"><\/div>\n<div class=\"brlbs-cmpnt-cb-content\">\n<p class=\"brlbs-cmpnt-cb-description\">Sie sehen gerade einen Platzhalterinhalt von <strong>YouTube<\/strong>. Um auf den eigentlichen Inhalt zuzugreifen, klicken Sie auf die Schaltfl\u00e4che unten. Bitte beachten Sie, dass dabei Daten an Drittanbieter weitergegeben werden.<\/p>\n<p> <a class=\"brlbs-cmpnt-cb-provider-toggle\" href=\"#\" data-borlabs-cookie-show-provider-information role=\"button\">Mehr Informationen<\/a> <\/div>\n<div class=\"brlbs-cmpnt-cb-buttons\"> <a class=\"brlbs-cmpnt-cb-btn\" href=\"#\" data-borlabs-cookie-unblock role=\"button\">Inhalt entsperren<\/a> <a class=\"brlbs-cmpnt-cb-btn\" href=\"#\" data-borlabs-cookie-accept-service role=\"button\" style=\"display: inherit\">Erforderlichen Service akzeptieren und Inhalte entsperren<\/a> <\/div>\n<\/p><\/div>\n<\/p><\/div>\n<\/div>\n<p>Seine seidenweiche Stimme und sein zartes Gitarrenspiel hat Santtana schon in der Vergangenheit bei Alben wie <em>O Deus Que D\u00e9vasta Mas Tam Ben Cura<\/em> (2012), <em>Sobre Noites e Dias<\/em> (2014) oder <em>Modo Avi\u00e3o<\/em> (2017) mit elektronischem Sampling gemischt. 2019 kehrte er mit seinem Album <em>O Ceu E Velho Ha Muito Tempo<\/em> zur einfachen Gitarre-Stimme-Kombination zur\u00fcck. Auf dem neuen Album verbinden sich all diese Ans\u00e4tze und Santtana \u00e4ndert seine existenzielle Fragestellung von \u201eWho Am I\u201c zu \u201eWhere Am I\u201c. <\/p>\n<p>Das Album wurde in Paris \u201emit Musiker*innen, die gerade vor Ort waren\u201c eingespielt. Mit von der Partie sind Fred Soulard (Klavier, Keyboards, Produktion), der brasilianische Perkussionist Z\u00e9 Luis Nascimento, der franz\u00f6sische Cellist Vincent Segal, der Saxophonist Laurent Dardainne und die Bl\u00e4sersektion bestehend aus Remi Scuito und Sylvain Bardiau. Alle sind Meister der musikalischen Subtilit\u00e4t, kleiner impressionistischer Tupfer mit Schlagzeug, Marimba, Blasinstrumenten, Synthesizern und Streichern. <\/p>\n<p><em>O Para\u00edso<\/em> war eine Gelegenheit, \u201eunsere kulturellen Referenzen auszutauschen\u201c so Santtana, \u201edie Brasilianer hatten nie das Bed\u00fcrfnis, eine hegemoniale Rolle zu spielen, da Brasilien immer ein Land der Vermittlung gewesen ist. Mein Land hat immer eine M\u00f6glichkeit des Zusammenlebens angeboten. Aber als 2018 die Ultrarechten an die Macht kamen, wurde der Konflikt zu einer Regierungs-Methode. Der Kampf um den Schutz Amazoniens ist von entscheidender Bedeutung und Bedingung f\u00fcr das \u00dcberleben aller, die die blaue Biosph\u00e4re namens Erde bewohnen\u201c.<\/p>\n<p><strong>Hintergrund:<\/strong><br \/>\nLucas Santtana ist 1970 in Salvador de Bahia geboren. Sein Vater ist der Produzent Roberto Sant\u2019ana und sein Onkel der bekannte Tropic\u00e1lia-Musiker Tom Z\u00e9. Erste Erfahrungen als Musiker sammelte er als Querfl\u00f6tist bei Orchestern im brasilianischen Bundesstaat Bahia; 1993 folgte eine erste Aufnahme als Musiker auf Caetano Velosos und Gilberto Gils Album <em>Tropic\u00e1lia 2<\/em>; mit Letzterem arbeitete er als Fl\u00f6tist in den 1990er Jahren weiter zusammen. <\/p>\n<p>W\u00e4hrend dieser Zeit lernte Santtana in den Auftrittspausen innerhalb langer Tourneen Gitarre zu spielen und seine eigenen Songs zu schreiben, die zuerst in gemeinsame Projekte mit Arto Lindsay, Marisa Monte und Daniela Mercury m\u00fcndeten, bevor er im Jahr 2000 sein erstes Soloalbum <em>Eletro Ben Dod\u00f4<\/em> ver\u00f6ffentlichte. Es war der Startschuss f\u00fcr einen Albumzyklus, der sich unterschiedlichen Sounds und Texturen annahm. Das Deb\u00fctalbum war perkussiv, der Nachfolger <em>Parada de Lucas<\/em> (2003) elektronisch und beeinflusst vom gerade aufbl\u00fchenden Baile-Funk, <em>3 Sessions In A Greenhouse<\/em> (2007) stark von Dub inspiriert und <em>Sem Nostalgia<\/em> (2011) eine innovative, von Gitarre und Vocals bestimmte Antwort auf die Bossa Nova. <\/p>\n<p>2012 kam mit <em>Who Devastates Also Cures<\/em> der Beginn eines neuen Zyklus, der sich mit dem post-Tropic\u00e1lia-Album <em>Sobre Noites E Dias<\/em> 2014 fortsetzte. Das siebte Album <em>Modo Avi\u00e3o<\/em>, das sich um die menschliche Identit\u00e4t in Zeiten des Kapitalismus, Konsumismus und der digitalen 24-Stunden-Vernetztheit besch\u00e4ftigte, erschien 2017, wie auch schon der Vorg\u00e4nger und das 2019 erschienene Album beim franz\u00f6sischen Label N\u00f8 F\u00f8rmat!. <\/p>\n<p><strong>Weitere Informationen: <\/strong><br \/>\n<a href=\"https:\/\/www.facebook.com\/lucas.santtana.official\/\" rel=\"noopener\" target=\"_blank\">https:\/\/www.facebook.com\/lucas.santtana.official\/<\/a> <\/p>\n<p>LUCAS SANTTANA<br \/>\nDas neue Album: <em>O Para\u00edso<\/em><br \/>\nV\u00d6: 13.01.2023<br \/>\nLabel: N\u00f8 F\u00f8rmat!<br \/>\nFormate: CD, LP, digital<br \/>\nVertrieb: IDOL \/ Indigo<br \/>\nUPC CD: 3700551784806<br \/>\nUPC LP: 3700551784813<br \/>\nKatalognummer: NOF 56<br \/>\nLabelcode: 35386<\/p>\n<p>Siehe auch:<br \/>\nLucas Santtana &#8211; <em>O c\u00e9u \u00e9 velho h\u00e1 muito tempo<\/em>: <a href=\"https:\/\/www.ub-comm.de\/?p=5214\" rel=\"noopener\" target=\"_blank\">https:\/\/www.ub-comm.de\/?p=5214<\/a><\/p>\n","protected":false},"excerpt":{"rendered":"<p>Lucas Santtanas neuntes, am 13.01.2023 erscheinendes Soloalbum O Para\u00edso ist ein k\u00e4mpferisches Werk aus tr\u00fcgerisch sanften brasilianischen Kl\u00e4ngen, Jazz und Electronica. Es ist ein Appell an die Menschheit zum Umdenken: das Paradies existiert im Hier und Jetzt, auch wenn es verwundet sein mag. Wir alle tragen eine Mitverantwortung f\u00fcr seine sich best\u00e4ndig ver\u00e4ndernde Gestalt und sind verantwortlich f\u00fcr sein \u00dcberleben. Das Brasilienbild im Rest der Welt ist auch heute von &hellip; <a href=\"https:\/\/www.ub-comm.de\/?p=6826\">Weiterlesen <span class=\"meta-nav\">&rarr;<\/span><\/a><\/p>\n","protected":false},"author":3,"featured_media":6927,"comment_status":"closed","ping_status":"open","sticky":false,"template":"","format":"standard","meta":{"footnotes":""},"categories":[1],"tags":[983,6535,6528,6526,6539,5670,6533,5709,6538,6534,6530,6527,6524,6537,4187,6525,6531,6532,6536,3761,6529],"class_list":["post-6826","post","type-post","status-publish","format-standard","has-post-thumbnail","hentry","category-news-tour-dates","tag-brasilien","tag-capoeira-benguela","tag-daniel-lisboa","tag-eden","tag-errare-humanum-est","tag-flavia-coelho","tag-flore-benguigui","tag-fred-soulard","tag-jorge-ben","tag-limperatrice","tag-laurent-dardainne","tag-les-petits-chanteurs-from-asnieres","tag-lucas-santtana","tag-mccartney","tag-no-format","tag-o-paraiso","tag-remi-scuito","tag-sylvain-bardiau","tag-the-fool-on-the-hill","tag-vincent-segal","tag-ze-luis-nascimento"],"_links":{"self":[{"href":"https:\/\/www.ub-comm.de\/index.php?rest_route=\/wp\/v2\/posts\/6826","targetHints":{"allow":["GET"]}}],"collection":[{"href":"https:\/\/www.ub-comm.de\/index.php?rest_route=\/wp\/v2\/posts"}],"about":[{"href":"https:\/\/www.ub-comm.de\/index.php?rest_route=\/wp\/v2\/types\/post"}],"author":[{"embeddable":true,"href":"https:\/\/www.ub-comm.de\/index.php?rest_route=\/wp\/v2\/users\/3"}],"replies":[{"embeddable":true,"href":"https:\/\/www.ub-comm.de\/index.php?rest_route=%2Fwp%2Fv2%2Fcomments&post=6826"}],"version-history":[{"count":0,"href":"https:\/\/www.ub-comm.de\/index.php?rest_route=\/wp\/v2\/posts\/6826\/revisions"}],"wp:featuredmedia":[{"embeddable":true,"href":"https:\/\/www.ub-comm.de\/index.php?rest_route=\/wp\/v2\/media\/6927"}],"wp:attachment":[{"href":"https:\/\/www.ub-comm.de\/index.php?rest_route=%2Fwp%2Fv2%2Fmedia&parent=6826"}],"wp:term":[{"taxonomy":"category","embeddable":true,"href":"https:\/\/www.ub-comm.de\/index.php?rest_route=%2Fwp%2Fv2%2Fcategories&post=6826"},{"taxonomy":"post_tag","embeddable":true,"href":"https:\/\/www.ub-comm.de\/index.php?rest_route=%2Fwp%2Fv2%2Ftags&post=6826"}],"curies":[{"name":"wp","href":"https:\/\/api.w.org\/{rel}","templated":true}]}}