{"id":6478,"date":"2022-03-10T13:49:43","date_gmt":"2022-03-10T12:49:43","guid":{"rendered":"https:\/\/www.ub-comm.de\/?p=6478"},"modified":"2022-07-06T10:45:46","modified_gmt":"2022-07-06T08:45:46","slug":"ark-noir-mit-zweitem-album-bei-enja-yellowbird-ende-mai-2022","status":"publish","type":"post","link":"https:\/\/www.ub-comm.de\/?p=6478","title":{"rendered":"Ark Noir mit zweitem Album bei enja &#038; yellowbird Ende Mai 2022"},"content":{"rendered":"<p>2019 ver\u00f6ffentlichte die M\u00fcnchner Band <a href=\"https:\/\/www.ub-comm.de\/wp-content\/uploads\/2022\/03\/Ark-Noir-See-You-On-The-Other-Side-Cover-Artwork-CD-1000.jpg\"><img loading=\"lazy\" decoding=\"async\" src=\"https:\/\/www.ub-comm.de\/wp-content\/uploads\/2022\/03\/Ark-Noir-See-You-On-The-Other-Side-Cover-Artwork-CD-1000-300x300.jpg\" alt=\"\" width=\"300\" height=\"300\" class=\"alignright size-medium wp-image-6480\" srcset=\"https:\/\/www.ub-comm.de\/wp-content\/uploads\/2022\/03\/Ark-Noir-See-You-On-The-Other-Side-Cover-Artwork-CD-1000-300x300.jpg 300w, https:\/\/www.ub-comm.de\/wp-content\/uploads\/2022\/03\/Ark-Noir-See-You-On-The-Other-Side-Cover-Artwork-CD-1000-150x150.jpg 150w, https:\/\/www.ub-comm.de\/wp-content\/uploads\/2022\/03\/Ark-Noir-See-You-On-The-Other-Side-Cover-Artwork-CD-1000-768x768.jpg 768w, https:\/\/www.ub-comm.de\/wp-content\/uploads\/2022\/03\/Ark-Noir-See-You-On-The-Other-Side-Cover-Artwork-CD-1000.jpg 1000w\" sizes=\"auto, (max-width: 300px) 100vw, 300px\" \/><\/a>Ark Noir ihr Deb\u00fctalbum <em>Tunnel Visions<\/em> und sorgte schon zuvor mit der gleichnamigen Festivalreihe im Club Milla f\u00fcr Furore. Zwei Remix-Alben sowie Auftritte auf renommierten Festivals in ganz Europa folgten. \u201eHier tanzt die Apokalypse\u201c schrieb <em>NDR Info<\/em> in seiner \u201eAlbum der Woche\u201c-Kritik, <em>All About Jazz<\/em> beschrieb die Musik als \u201eAstro-Jazz&#8220; und die <em>S\u00fcddeutsche Zeitung<\/em> meinte: &#8222;Rau, gerne d\u00fcster, oft elektronisch klingend (dabei akustisch gespielt) und von Visuals begleitet, vertonen sie\u2026 druckvoll und spannungsgeladen die dystopischen Aspekte der heutigen oder zuk\u00fcnftigen Gesellschaft\u201c<\/p>\n<p>Die f\u00fcnfk\u00f6pfige Band wirkt auf den ersten Blick zwar wie ein klassisch besetztes Jazz-Quintett, verk\u00f6rpert aber mit ihrem elektronisch-alternativ-experimentellen Jazz die post-moderne Improvisationsmusik. Zwischen rau und d\u00fcster, reich an Tiefe und Texturen, hypnotischen Beats und cineastischen Klangwelten bewegt sich ihr Sound. Er l\u00e4dt dazu ein, innezuhalten und sich im Hier und Jetzt zu verlieren.<\/p>\n<p>Auf dem neuen Album <em>See You On The Other Side<\/em>, das am 27.05.2022 bei enja &#038; yellowbird ver\u00f6ffentlicht wird, setzt sich Ark Noir mit dem Wahnsinn auseinander, der uns tagt\u00e4glich in den Medien begegnet \u2013 von Unwetterkatastrophen, Polizeigewalt, von der Politik angefachter Lagerbildung bis zum alles bestimmenden Thema der letzten zwei Jahre. In ihren Kompositionen wollen die Musiker die Informationsflut filtern, ihr Sinn einhauchen oder zumindest eine Zuflucht vor ihr bieten. <\/p>\n<p>Um Klarheit in die chaotische Gegenwart zu bringen, wagte die Band in den neun St\u00fccken, die in drei Sessions \u00fcber mehrere Monate hinweg entstanden sind, einen Blick in die ferne Vergangenheit, zur\u00fcck zur griechischen Mythologie und dystopischer Literatur. Die Musiker fanden dort heroische und tragische Figuren, deren Geschichten den Entstehungsprozess des Albums inspirierten und pr\u00e4gten. So ist <em>See You On the Other Side<\/em> ein Kommentar zur Jetztzeit, eine Reise durch Chaos und Ordnung auf der Suche nach einem Ausweg. Auch wenn die Musik von Ark Noir oft  als apokalyptisch und d\u00fcster beschrieben wird, sind die f\u00fcnf Musiker doch voller Hoffnung. <\/p>\n<div class=\"brlbs-cmpnt-container brlbs-cmpnt-content-blocker brlbs-cmpnt-with-individual-styles\" data-borlabs-cookie-content-blocker-id=\"youtube-content-blocker\" data-borlabs-cookie-content=\"PGlmcmFtZSB3aWR0aD0iNjQwIiBoZWlnaHQ9IjM2MCIgc3JjPSJodHRwczovL3d3dy55b3V0dWJlLW5vY29va2llLmNvbS9lbWJlZC9DX0FWcGliWklrRSIgdGl0bGU9IllvdVR1YmUgdmlkZW8gcGxheWVyIiBmcmFtZWJvcmRlcj0iMCIgYWxsb3c9ImFjY2VsZXJvbWV0ZXI7IGF1dG9wbGF5OyBjbGlwYm9hcmQtd3JpdGU7IGVuY3J5cHRlZC1tZWRpYTsgZ3lyb3Njb3BlOyBwaWN0dXJlLWluLXBpY3R1cmUiIGFsbG93ZnVsbHNjcmVlbj48L2lmcmFtZT4=\">\n<div class=\"brlbs-cmpnt-cb-preset-c brlbs-cmpnt-cb-youtube\">\n<div class=\"brlbs-cmpnt-cb-thumbnail\" style=\"background-image: url('https:\/\/www.ub-comm.de\/wp-content\/uploads\/borlabs-cookie\/1\/yt_C_AVpibZIkE_hqdefault.jpg')\"><\/div>\n<div class=\"brlbs-cmpnt-cb-main\">\n<div class=\"brlbs-cmpnt-cb-play-button\"><\/div>\n<div class=\"brlbs-cmpnt-cb-content\">\n<p class=\"brlbs-cmpnt-cb-description\">Sie sehen gerade einen Platzhalterinhalt von <strong>YouTube<\/strong>. Um auf den eigentlichen Inhalt zuzugreifen, klicken Sie auf die Schaltfl\u00e4che unten. Bitte beachten Sie, dass dabei Daten an Drittanbieter weitergegeben werden.<\/p>\n<p> <a class=\"brlbs-cmpnt-cb-provider-toggle\" href=\"#\" data-borlabs-cookie-show-provider-information role=\"button\">Mehr Informationen<\/a> <\/div>\n<div class=\"brlbs-cmpnt-cb-buttons\"> <a class=\"brlbs-cmpnt-cb-btn\" href=\"#\" data-borlabs-cookie-unblock role=\"button\">Inhalt entsperren<\/a> <a class=\"brlbs-cmpnt-cb-btn\" href=\"#\" data-borlabs-cookie-accept-service role=\"button\" style=\"display: inherit\">Erforderlichen Service akzeptieren und Inhalte entsperren<\/a> <\/div>\n<\/p><\/div>\n<\/p><\/div>\n<\/div>\n<p>Das von Marco Dufner geschriebene St\u00fcck \u201eProlog\u201c er\u00f6ffnet mit einer im Kollektiv improvisierten Ambient-Kollage das Album und k\u00f6nnte auch die Ouvert\u00fcre eines Science Fiction-Films auf einem W\u00fcstenplaneten sein. \u201eSee You On The Other Side\u201c, das Titelst\u00fcck des Albums, stammt von Moritz Stahl und entstand zu Anfang der Pandemie. Es reflektiert einen Zustand, der nicht der Normalit\u00e4t entspricht: \u201eWerden die Dinge jemals wieder so sein wie sie waren oder erwartet uns auf der anderen Seite dieses Wahnsinns eine Utopie? Wie auch immer, bis dahin ist es noch ein weiter Weg\u201c, so die Band. <\/p>\n<div class=\"brlbs-cmpnt-container brlbs-cmpnt-content-blocker brlbs-cmpnt-with-individual-styles\" data-borlabs-cookie-content-blocker-id=\"youtube-content-blocker\" data-borlabs-cookie-content=\"PGlmcmFtZSB3aWR0aD0iNjQwIiBoZWlnaHQ9IjM2MCIgc3JjPSJodHRwczovL3d3dy55b3V0dWJlLW5vY29va2llLmNvbS9lbWJlZC9BdGNySkl0bVhkZyIgdGl0bGU9IllvdVR1YmUgdmlkZW8gcGxheWVyIiBmcmFtZWJvcmRlcj0iMCIgYWxsb3c9ImFjY2VsZXJvbWV0ZXI7IGF1dG9wbGF5OyBjbGlwYm9hcmQtd3JpdGU7IGVuY3J5cHRlZC1tZWRpYTsgZ3lyb3Njb3BlOyBwaWN0dXJlLWluLXBpY3R1cmUiIGFsbG93ZnVsbHNjcmVlbj48L2lmcmFtZT4=\">\n<div class=\"brlbs-cmpnt-cb-preset-c brlbs-cmpnt-cb-youtube\">\n<div class=\"brlbs-cmpnt-cb-thumbnail\" style=\"background-image: url('https:\/\/www.ub-comm.de\/wp-content\/uploads\/borlabs-cookie\/1\/yt_AtcrJItmXdg_hqdefault.jpg')\"><\/div>\n<div class=\"brlbs-cmpnt-cb-main\">\n<div class=\"brlbs-cmpnt-cb-play-button\"><\/div>\n<div class=\"brlbs-cmpnt-cb-content\">\n<p class=\"brlbs-cmpnt-cb-description\">Sie sehen gerade einen Platzhalterinhalt von <strong>YouTube<\/strong>. Um auf den eigentlichen Inhalt zuzugreifen, klicken Sie auf die Schaltfl\u00e4che unten. Bitte beachten Sie, dass dabei Daten an Drittanbieter weitergegeben werden.<\/p>\n<p> <a class=\"brlbs-cmpnt-cb-provider-toggle\" href=\"#\" data-borlabs-cookie-show-provider-information role=\"button\">Mehr Informationen<\/a> <\/div>\n<div class=\"brlbs-cmpnt-cb-buttons\"> <a class=\"brlbs-cmpnt-cb-btn\" href=\"#\" data-borlabs-cookie-unblock role=\"button\">Inhalt entsperren<\/a> <a class=\"brlbs-cmpnt-cb-btn\" href=\"#\" data-borlabs-cookie-accept-service role=\"button\" style=\"display: inherit\">Erforderlichen Service akzeptieren und Inhalte entsperren<\/a> <\/div>\n<\/p><\/div>\n<\/p><\/div>\n<\/div>\n<p>Thema der n\u00e4chsten beiden Kompositionen, die von Sam Hylton stammen, ist die griechische Mythologie: \u201eIch bin \u00fcber den Mythos von Apollo und Python bei einer Reise nach Griechenland, insbesondere nach Delphi gestolpert. Mich hat die Geschichte gekoppelt mit der unglaublich sch\u00f6nen Landschaft und dem Mythos vom Orakel inspiriert, eine Komposition daraus zu entwickeln.\u201c \u201eApollo\u2019s Dream\u201c handelt von den Rachegel\u00fcsten des Gotts der Musik und Anf\u00fchrer der Musen gegen\u00fcber dem Drachen Python, der einst seine Mutter Leto ermordete. Das kurz vor Ausbruch der Pandemie entstandene \u201eApollo Slays the Snake\u201c beschreibt die Schlacht von Delphi. Das zuerst klare Protagonist-Antagonist-Verh\u00e4ltnis \u00e4nderte sich im Laufe der Pandemie und \u201eApoll wurde zur Metapher f\u00fcr die Menschheit\u201c, so Hylton, \u201eund Python (als Kind von Gaia), die Natur. Als Menschheit k\u00e4mpfen wir zusammen gegen diesen Virus in einer modern epischen Schlacht\u201c.<\/p>\n<div class=\"brlbs-cmpnt-container brlbs-cmpnt-content-blocker brlbs-cmpnt-with-individual-styles\" data-borlabs-cookie-content-blocker-id=\"youtube-content-blocker\" data-borlabs-cookie-content=\"PGlmcmFtZSB3aWR0aD0iNjQwIiBoZWlnaHQ9IjM2MCIgc3JjPSJodHRwczovL3d3dy55b3V0dWJlLW5vY29va2llLmNvbS9lbWJlZC9tMlBvSFhDak1wSSIgdGl0bGU9IllvdVR1YmUgdmlkZW8gcGxheWVyIiBmcmFtZWJvcmRlcj0iMCIgYWxsb3c9ImFjY2VsZXJvbWV0ZXI7IGF1dG9wbGF5OyBjbGlwYm9hcmQtd3JpdGU7IGVuY3J5cHRlZC1tZWRpYTsgZ3lyb3Njb3BlOyBwaWN0dXJlLWluLXBpY3R1cmUiIGFsbG93ZnVsbHNjcmVlbj48L2lmcmFtZT4=\">\n<div class=\"brlbs-cmpnt-cb-preset-c brlbs-cmpnt-cb-youtube\">\n<div class=\"brlbs-cmpnt-cb-thumbnail\" style=\"background-image: url('https:\/\/www.ub-comm.de\/wp-content\/uploads\/borlabs-cookie\/1\/yt_m2PoHXCjMpI_hqdefault.jpg')\"><\/div>\n<div class=\"brlbs-cmpnt-cb-main\">\n<div class=\"brlbs-cmpnt-cb-play-button\"><\/div>\n<div class=\"brlbs-cmpnt-cb-content\">\n<p class=\"brlbs-cmpnt-cb-description\">Sie sehen gerade einen Platzhalterinhalt von <strong>YouTube<\/strong>. Um auf den eigentlichen Inhalt zuzugreifen, klicken Sie auf die Schaltfl\u00e4che unten. Bitte beachten Sie, dass dabei Daten an Drittanbieter weitergegeben werden.<\/p>\n<p> <a class=\"brlbs-cmpnt-cb-provider-toggle\" href=\"#\" data-borlabs-cookie-show-provider-information role=\"button\">Mehr Informationen<\/a> <\/div>\n<div class=\"brlbs-cmpnt-cb-buttons\"> <a class=\"brlbs-cmpnt-cb-btn\" href=\"#\" data-borlabs-cookie-unblock role=\"button\">Inhalt entsperren<\/a> <a class=\"brlbs-cmpnt-cb-btn\" href=\"#\" data-borlabs-cookie-accept-service role=\"button\" style=\"display: inherit\">Erforderlichen Service akzeptieren und Inhalte entsperren<\/a> <\/div>\n<\/p><\/div>\n<\/p><\/div>\n<\/div>\n<p>Mit der atmosph\u00e4risch-ambienten Improvisation \u201eNGC 1976\u201c, die schwerelos, meditativ und friedlich durch eine farbenreiche Klanglandschaft schwebt, und dem darauffolgenden St\u00fcck \u201eOrion\u2019s Belt\u201c schlie\u00dft sich eine Reise ins Weltall an. Umgeben von kosmischen Nebeln bringt der Anblick des Sternenbilds Orion mit starker Melodie und stetigem Groove die unfassbaren Dimensionen des Universums ins Bewusstsein. <\/p>\n<p>Das gemeinsam von Sam Hylton und Moritz Stahl geschriebene St\u00fcck \u201eO Captain My Captain\u201c ist \u201eeine Hommage an all die Menschen, die mutig alles riskieren um anderen zu helfen.\u201c Die hymnische Melodie war urspr\u00fcnglich inspiriert von Carola Rackete, als sie im Juni 2019 trotz Widerspruch und Einschreiten der Beh\u00f6rden 53 Fl\u00fcchtlinge aus dem Mittelmeer rettete.<\/p>\n<div class=\"brlbs-cmpnt-container brlbs-cmpnt-content-blocker brlbs-cmpnt-with-individual-styles\" data-borlabs-cookie-content-blocker-id=\"youtube-content-blocker\" data-borlabs-cookie-content=\"PGlmcmFtZSB3aWR0aD0iNjQwIiBoZWlnaHQ9IjM2MCIgc3JjPSJodHRwczovL3d3dy55b3V0dWJlLW5vY29va2llLmNvbS9lbWJlZC9iRVJVQUJvSkxtQSIgdGl0bGU9IllvdVR1YmUgdmlkZW8gcGxheWVyIiBmcmFtZWJvcmRlcj0iMCIgYWxsb3c9ImFjY2VsZXJvbWV0ZXI7IGF1dG9wbGF5OyBjbGlwYm9hcmQtd3JpdGU7IGVuY3J5cHRlZC1tZWRpYTsgZ3lyb3Njb3BlOyBwaWN0dXJlLWluLXBpY3R1cmUiIGFsbG93ZnVsbHNjcmVlbj48L2lmcmFtZT4=\">\n<div class=\"brlbs-cmpnt-cb-preset-c brlbs-cmpnt-cb-youtube\">\n<div class=\"brlbs-cmpnt-cb-thumbnail\" style=\"background-image: url('https:\/\/www.ub-comm.de\/wp-content\/uploads\/borlabs-cookie\/1\/yt_bERUABoJLmA_hqdefault.jpg')\"><\/div>\n<div class=\"brlbs-cmpnt-cb-main\">\n<div class=\"brlbs-cmpnt-cb-play-button\"><\/div>\n<div class=\"brlbs-cmpnt-cb-content\">\n<p class=\"brlbs-cmpnt-cb-description\">Sie sehen gerade einen Platzhalterinhalt von <strong>YouTube<\/strong>. Um auf den eigentlichen Inhalt zuzugreifen, klicken Sie auf die Schaltfl\u00e4che unten. Bitte beachten Sie, dass dabei Daten an Drittanbieter weitergegeben werden.<\/p>\n<p> <a class=\"brlbs-cmpnt-cb-provider-toggle\" href=\"#\" data-borlabs-cookie-show-provider-information role=\"button\">Mehr Informationen<\/a> <\/div>\n<div class=\"brlbs-cmpnt-cb-buttons\"> <a class=\"brlbs-cmpnt-cb-btn\" href=\"#\" data-borlabs-cookie-unblock role=\"button\">Inhalt entsperren<\/a> <a class=\"brlbs-cmpnt-cb-btn\" href=\"#\" data-borlabs-cookie-accept-service role=\"button\" style=\"display: inherit\">Erforderlichen Service akzeptieren und Inhalte entsperren<\/a> <\/div>\n<\/p><\/div>\n<\/p><\/div>\n<\/div>\n<p>Einen zuversichtlich ausklingenden Abschluss des Albums bildet \u201eThe Good Fight\u201c, ein St\u00fcck \u00fcber musikalische und pers\u00f6nliche Herausforderungen sowie die bereichernde Erfahrung, diese \u00fcberwinden zu k\u00f6nnen. Der Song bewegt sich zwischen einem spannungsgeladenen, komplexen Thema und einem ruhigen Beat, sprengt Grenzen und l\u00f6st sie auf.<\/p>\n<p><em>See You On The Other Side<\/em> ist ein wilder Ritt durch die Vergangenheit, ein Blick in die m\u00f6gliche Zukunft und eine Verarbeitung der Gegenwart. Dabei bleibt das Ende, wie bei jedem guten Film, offen. <\/p>\n<p><strong>Ark Noir sind:<\/strong><br \/>\nMoritz Stahl \u2013 Saxophone, Klarinetten, FX<br \/>\nSam Hylton \u2013 Fender Rhodes, Synthesizer<br \/>\nTilman Brandl \u2013 E-Gitarre, FX<br \/>\nRobin Jermer \u2013 E-Bass, Synth Bass, FX<br \/>\nMarco Dufner \u2013 Schlagzeug<\/p>\n<p><strong>Tourdaten:<\/strong><br \/>\n28.09.2022 M\u00fcnchen \/ Muffatwerk (50 Jahre ENJA)<br \/>\n29.09.2022 tba<br \/>\n30.09.2022 Dresden \/ Jazzclub Tonne<br \/>\n01.10.2022 Augsburg \/ Ballonfabrik<br \/>\nWeitere Termine sind in Planung<\/p>\n<div id=\"attachment_6485\" style=\"width: 650px\" class=\"wp-caption aligncenter\"><a href=\"https:\/\/www.ub-comm.de\/wp-content\/uploads\/2022\/03\/Ark-Noir-Pressephoto-2-Photo-Credit-Georg-Stirnweiss-scaled.jpg\"><img loading=\"lazy\" decoding=\"async\" aria-describedby=\"caption-attachment-6485\" src=\"https:\/\/www.ub-comm.de\/wp-content\/uploads\/2022\/03\/Ark-Noir-Pressephoto-2-Photo-Credit-Georg-Stirnweiss-1024x576.jpg\" alt=\"\" width=\"640\" height=\"360\" class=\"size-large wp-image-6485\" srcset=\"https:\/\/www.ub-comm.de\/wp-content\/uploads\/2022\/03\/Ark-Noir-Pressephoto-2-Photo-Credit-Georg-Stirnweiss-1024x576.jpg 1024w, https:\/\/www.ub-comm.de\/wp-content\/uploads\/2022\/03\/Ark-Noir-Pressephoto-2-Photo-Credit-Georg-Stirnweiss-300x169.jpg 300w, https:\/\/www.ub-comm.de\/wp-content\/uploads\/2022\/03\/Ark-Noir-Pressephoto-2-Photo-Credit-Georg-Stirnweiss-768x432.jpg 768w, https:\/\/www.ub-comm.de\/wp-content\/uploads\/2022\/03\/Ark-Noir-Pressephoto-2-Photo-Credit-Georg-Stirnweiss-1536x864.jpg 1536w, https:\/\/www.ub-comm.de\/wp-content\/uploads\/2022\/03\/Ark-Noir-Pressephoto-2-Photo-Credit-Georg-Stirnweiss-2048x1152.jpg 2048w\" sizes=\"auto, (max-width: 640px) 100vw, 640px\" \/><\/a><p id=\"caption-attachment-6485\" class=\"wp-caption-text\">Ark Noir<br \/>(Photo Credit: Georg Stirnwei\u00df)<\/p><\/div>\n<p><strong>ARK NOIR<\/strong><br \/>\nDas neue Album: <em>See You On The Other Side<\/em><br \/>\nV\u00d6: 27.05.2022<br \/>\nFormate: CD, Vinyl, digital<br \/>\nLabel: enja &#038; yellowbird<br \/>\nVertrieb: edel<br \/>\nBestellnummer: yeb-7824<br \/>\nUPC: 767522782424<br \/>\nLabelcode: LC 18386<\/p>\n","protected":false},"excerpt":{"rendered":"<p>2019 ver\u00f6ffentlichte die M\u00fcnchner Band Ark Noir ihr Deb\u00fctalbum Tunnel Visions und sorgte schon zuvor mit der gleichnamigen Festivalreihe im Club Milla f\u00fcr Furore. Zwei Remix-Alben sowie Auftritte auf renommierten Festivals in ganz Europa folgten. \u201eHier tanzt die Apokalypse\u201c schrieb NDR Info in seiner \u201eAlbum der Woche\u201c-Kritik, All About Jazz beschrieb die Musik als \u201eAstro-Jazz&#8220; und die S\u00fcddeutsche Zeitung meinte: &#8222;Rau, gerne d\u00fcster, oft elektronisch klingend (dabei akustisch gespielt) und &hellip; <a href=\"https:\/\/www.ub-comm.de\/?p=6478\">Weiterlesen <span class=\"meta-nav\">&rarr;<\/span><\/a><\/p>\n","protected":false},"author":3,"featured_media":6480,"comment_status":"closed","ping_status":"open","sticky":false,"template":"","format":"standard","meta":{"footnotes":""},"categories":[1],"tags":[5086,6232,3598,111,5089,5088,446,5090,5092,6231,5091,5087,1632],"class_list":["post-6478","post","type-post","status-publish","format-standard","has-post-thumbnail","hentry","category-news-tour-dates","tag-ark-noir","tag-club-milla","tag-enja","tag-jazz","tag-marco-dufner","tag-moritz-stahl","tag-munchen","tag-robin-jermer","tag-sam-hylton","tag-see-you-on-the-other-side","tag-tilman-brandl","tag-tunnel-visions","tag-yellowbird"],"_links":{"self":[{"href":"https:\/\/www.ub-comm.de\/index.php?rest_route=\/wp\/v2\/posts\/6478","targetHints":{"allow":["GET"]}}],"collection":[{"href":"https:\/\/www.ub-comm.de\/index.php?rest_route=\/wp\/v2\/posts"}],"about":[{"href":"https:\/\/www.ub-comm.de\/index.php?rest_route=\/wp\/v2\/types\/post"}],"author":[{"embeddable":true,"href":"https:\/\/www.ub-comm.de\/index.php?rest_route=\/wp\/v2\/users\/3"}],"replies":[{"embeddable":true,"href":"https:\/\/www.ub-comm.de\/index.php?rest_route=%2Fwp%2Fv2%2Fcomments&post=6478"}],"version-history":[{"count":0,"href":"https:\/\/www.ub-comm.de\/index.php?rest_route=\/wp\/v2\/posts\/6478\/revisions"}],"wp:featuredmedia":[{"embeddable":true,"href":"https:\/\/www.ub-comm.de\/index.php?rest_route=\/wp\/v2\/media\/6480"}],"wp:attachment":[{"href":"https:\/\/www.ub-comm.de\/index.php?rest_route=%2Fwp%2Fv2%2Fmedia&parent=6478"}],"wp:term":[{"taxonomy":"category","embeddable":true,"href":"https:\/\/www.ub-comm.de\/index.php?rest_route=%2Fwp%2Fv2%2Fcategories&post=6478"},{"taxonomy":"post_tag","embeddable":true,"href":"https:\/\/www.ub-comm.de\/index.php?rest_route=%2Fwp%2Fv2%2Ftags&post=6478"}],"curies":[{"name":"wp","href":"https:\/\/api.w.org\/{rel}","templated":true}]}}