{"id":5986,"date":"2021-05-18T16:27:51","date_gmt":"2021-05-18T14:27:51","guid":{"rendered":"https:\/\/www.ub-comm.de\/?p=5986"},"modified":"2021-06-07T15:20:23","modified_gmt":"2021-06-07T13:20:23","slug":"alejandro-valdes-y-palo-de-agua-mit-debuetalbum-ende-juni-2021","status":"publish","type":"post","link":"https:\/\/www.ub-comm.de\/?p=5986","title":{"rendered":"Alejandro Vald\u00e9s y Palo de Agua mit Deb\u00fctalbum Ende Juni 2021"},"content":{"rendered":"<p>Alejandro Vald\u00e9s gilt als einer <a href=\"https:\/\/www.ub-comm.de\/wp-content\/uploads\/2021\/05\/CLL009_Alejandro-Valdes-cover_3000.jpg\"><img loading=\"lazy\" decoding=\"async\" src=\"https:\/\/www.ub-comm.de\/wp-content\/uploads\/2021\/05\/CLL009_Alejandro-Valdes-cover_3000-300x300.jpg\" alt=\"\" width=\"300\" height=\"300\" class=\"alignright size-medium wp-image-5987\" srcset=\"https:\/\/www.ub-comm.de\/wp-content\/uploads\/2021\/05\/CLL009_Alejandro-Valdes-cover_3000-300x300.jpg 300w, https:\/\/www.ub-comm.de\/wp-content\/uploads\/2021\/05\/CLL009_Alejandro-Valdes-cover_3000-150x150.jpg 150w, https:\/\/www.ub-comm.de\/wp-content\/uploads\/2021\/05\/CLL009_Alejandro-Valdes-cover_3000-768x768.jpg 768w, https:\/\/www.ub-comm.de\/wp-content\/uploads\/2021\/05\/CLL009_Alejandro-Valdes-cover_3000-1024x1024.jpg 1024w\" sizes=\"auto, (max-width: 300px) 100vw, 300px\" \/><\/a>der besten Flamenco-Gitarristen Kubas und mit seiner 2016 gegr\u00fcndeten Gruppe Alejandro Vald\u00e9s y Palo de Agua sorgt der Musiker, Komponist und Produzent in seinem Heimatland mit dem von ihm so benannten \u201eNew Cuban Flamenco\u201c seit ihren ersten Konzert- und Fernsehauftritten f\u00fcr Furore. <\/p>\n<p>Mit <em>Calles del Olvido<\/em> wird am 25.06.2021 das Deb\u00fctalbum des preisgekr\u00f6nten Ensembles ver\u00f6ffentlicht. Zwei Jahre Arbeit stecken in den Aufnahmen und das Album ist in Vald\u00e9s\u2018 Worten: \u201edas Ergebnis dessen, wie wir Kubaner den Flamenco \u00fcber mehr als vier Generationen hinweg entwickelt haben plus all meiner Erfahrung als kubanischer Flamenco-Musiker.\u201d<\/p>\n<p>Der Sound der Gruppe ist von Vald\u00e9s sehr eigenen Kompositionsstil und seinem ebenso eigenen Gitarren- und Gesangsstil gepr\u00e4gt; dazu kommen mit Palo de Agua erstklassige Musiker*innen. Tradition trifft auf Moderne, die Energie und Leidenschaft des Flamenco trifft auf ein bet\u00f6rend vielseitiges Klangbild, so dass auch schon einmal das Instrumentarium mit Dudelsack oder Violine auf keltisch anmutende Weise bereichert wird.<\/p>\n<div class=\"brlbs-cmpnt-container brlbs-cmpnt-content-blocker brlbs-cmpnt-with-individual-styles\" data-borlabs-cookie-content-blocker-id=\"youtube-content-blocker\" data-borlabs-cookie-content=\"PGlmcmFtZSB3aWR0aD0iNjQwIiBoZWlnaHQ9IjM2MCIgc3JjPSJodHRwczovL3d3dy55b3V0dWJlLW5vY29va2llLmNvbS9lbWJlZC9kbW0yZ2hNMEFxMCIgdGl0bGU9IllvdVR1YmUgdmlkZW8gcGxheWVyIiBmcmFtZWJvcmRlcj0iMCIgYWxsb3c9ImFjY2VsZXJvbWV0ZXI7IGF1dG9wbGF5OyBjbGlwYm9hcmQtd3JpdGU7IGVuY3J5cHRlZC1tZWRpYTsgZ3lyb3Njb3BlOyBwaWN0dXJlLWluLXBpY3R1cmUiIGFsbG93ZnVsbHNjcmVlbj48L2lmcmFtZT4=\">\n<div class=\"brlbs-cmpnt-cb-preset-c brlbs-cmpnt-cb-youtube\">\n<div class=\"brlbs-cmpnt-cb-thumbnail\" style=\"background-image: url('https:\/\/www.ub-comm.de\/wp-content\/uploads\/borlabs-cookie\/1\/brlbs-cb-youtube-main.png')\"><\/div>\n<div class=\"brlbs-cmpnt-cb-main\">\n<div class=\"brlbs-cmpnt-cb-play-button\"><\/div>\n<div class=\"brlbs-cmpnt-cb-content\">\n<p class=\"brlbs-cmpnt-cb-description\">Sie sehen gerade einen Platzhalterinhalt von <strong>YouTube<\/strong>. Um auf den eigentlichen Inhalt zuzugreifen, klicken Sie auf die Schaltfl\u00e4che unten. Bitte beachten Sie, dass dabei Daten an Drittanbieter weitergegeben werden.<\/p>\n<p> <a class=\"brlbs-cmpnt-cb-provider-toggle\" href=\"#\" data-borlabs-cookie-show-provider-information role=\"button\">Mehr Informationen<\/a> <\/div>\n<div class=\"brlbs-cmpnt-cb-buttons\"> <a class=\"brlbs-cmpnt-cb-btn\" href=\"#\" data-borlabs-cookie-unblock role=\"button\">Inhalt entsperren<\/a> <a class=\"brlbs-cmpnt-cb-btn\" href=\"#\" data-borlabs-cookie-accept-service role=\"button\" style=\"display: inherit\">Erforderlichen Service akzeptieren und Inhalte entsperren<\/a> <\/div>\n<\/p><\/div>\n<\/p><\/div>\n<\/div>\n<p>Zwei kurze Jahre nach der Gr\u00fcndung des Ensembles wurde Palo de Agua mit dem kubanischen Nationalpreis \u201aCuerda Viva\u2018 in der Kategorie \u201eBeste Flamenco-Gruppe\u201c ausgezeichnet. <\/p>\n<div class=\"brlbs-cmpnt-container brlbs-cmpnt-content-blocker brlbs-cmpnt-with-individual-styles\" data-borlabs-cookie-content-blocker-id=\"soundcloud\" data-borlabs-cookie-content=\"PGlmcmFtZSB3aWR0aD0iMTAwJSIgaGVpZ2h0PSIzMDAiIHNjcm9sbGluZz0ibm8iIGZyYW1lYm9yZGVyPSJubyIgYWxsb3c9ImF1dG9wbGF5IiBzcmM9Imh0dHBzOi8vdy5zb3VuZGNsb3VkLmNvbS9wbGF5ZXIvP3VybD1odHRwcyUzQS8vYXBpLnNvdW5kY2xvdWQuY29tL3RyYWNrcy8xMDI0MzI0ODE5JmNvbG9yPSUyM2ZmNTUwMCZhdXRvX3BsYXk9ZmFsc2UmaGlkZV9yZWxhdGVkPWZhbHNlJnNob3dfY29tbWVudHM9dHJ1ZSZzaG93X3VzZXI9dHJ1ZSZzaG93X3JlcG9zdHM9ZmFsc2Umc2hvd190ZWFzZXI9dHJ1ZSZ2aXN1YWw9dHJ1ZSI+PC9pZnJhbWU+\"><\/div>\n<div style=\"font-size: 10px; color: #cccccc;line-break: anywhere;word-break: normal;overflow: hidden;white-space: nowrap;text-overflow: ellipsis; font-family: Interstate,Lucida Grande,Lucida Sans Unicode,Lucida Sans,Garuda,Verdana,Tahoma,sans-serif;font-weight: 100;\"><a href=\"https:\/\/soundcloud.com\/user-300756620\" title=\"Cugate_Cl\u00e1sicosLatinos\" target=\"_blank\" style=\"color: #cccccc; text-decoration: none;\">Cugate_Cl\u00e1sicosLatinos<\/a> \u00b7 <a href=\"https:\/\/soundcloud.com\/user-300756620\/alejandro-valdes-y-palo-de-agua-mucho-calor\" title=\"ALEJANDRO VALD\u00c9S Y PALO DE AGUA - Mucho Calor\" target=\"_blank\" style=\"color: #cccccc; text-decoration: none;\">ALEJANDRO VALD\u00c9S Y PALO DE AGUA &#8211; Mucho Calor<\/a><\/div>\n<p><strong>Hintergrund Alejandro Vald\u00e9s:<\/strong><br \/>\nDer 1988 geborene Musiker besuchte als Teenager Gitarren- und Percussionkurse und spielte und \/ oder leitete ab 2004 Gruppen wie Andarte, Principe, Alas, De Rocio, Reynier Mari\u00f1o, Aceituna sin Hueso, das Ar\u00e1ngeles Project sowie das Duo A mi aire in Camag\u00fcey und Havanna. <\/p>\n<p>2016 gr\u00fcndete er das Sextett Palo de Agua, das bei seinen direkt vom kubanischen Publikum umjubelten Konzerten von einer T\u00e4nzergruppe begleitet wird.<\/p>\n<p><strong>Besetzung: <\/strong><br \/>\nAlejandro Vald\u00e9s Reyes: Gitarre, Shaker, Klatschen, Chor<br \/>\nJaleos Dayan Reyes Carreras: Flamenco-Gesang, Chor, Klatschen, Fl\u00f6te, Dudelsack, Jaleos<br \/>\nAlejandro Ricardo Serrano Iglesias: elektrischer Bass<br \/>\nLuis Armando P\u00e9rez Basterrechea: Viol\u00edne<br \/>\nErick Castro Rojas: Flamencotanz, Klatschen<br \/>\nLeandro Cobas P\u00e9rez flamenco: Caj\u00f3n, Klatschen, Darbuka, Jaleos, Chor<br \/>\nCarlos Javier Navarro Reyes: Tumbadoras, Bat\u00e1-Trommeln<br \/>\nIriela Beatr\u00edz Rech De Armas: Chor<\/p>\n<p><strong>Weitere Informationen zu Alejandro Vald\u00e9s y Palo de Agua:<\/strong><br \/>\n<a href=\"https:\/\/www.facebook.com\/alejandrovaldesnuevoflamencodecuba\/\" rel=\"noopener\" target=\"_blank\">https:\/\/www.facebook.com\/alejandrovaldesnuevoflamencodecuba\/<\/a> <\/p>\n<p><strong>Alejandro Vald\u00e9s y Palo de Agua<\/strong><br \/>\nDas Deb\u00fctalbum: <em>Calles del Olvido<\/em><br \/>\nV\u00d6: 25.06.2021<br \/>\nLabel: Clasic\u00f3s Latinos<br \/>\nVertrieb: Naxos<br \/>\nKatalognummer: CLL 009<br \/>\nUPC CD: 4038912427413<br \/>\nFormate: CD, digital<br \/>\nLabelcode: 08867<\/p>\n<p><strong>Mehr zum Label Cl\u00e1sicos Latinos:<\/strong><br \/>\nDas Label Cl\u00e1sicos Latinos wurde 2019 von Memo Rhein gegr\u00fcndet, der seit mehr als vierzig Jahren als Musikproduzent, Labelbetreiber und K\u00fcnstlermanager im Musikgesch\u00e4ft t\u00e4tig ist. Cl\u00e1sicos Latinos ist ein neuer Zweig innerhalb seiner Firma Cugate mit ihren Sublabels Cugate Classics f\u00fcr klassische Musik, Kintsugi Recordings f\u00fcr moderne klassische und neo-klassische Musik sowie Memo Music mit folkloristischer Musik aus Georgien.<\/p>\n<p>Memos langj\u00e4hrige und starke Verbindungen nach Lateinamerika, im Besonderen nach Kuba und Mexiko, waren Ausl\u00f6ser f\u00fcr die Labelgr\u00fcndung. Aber auch seine seit gemeinsamen M\u00fcnchner Tagen bestehende Freundschaft mit Ra\u00fal Guti\u00e9rrez, dem Gr\u00fcnder der Latin-Jazz-Band Irazu und fr\u00fcheren Mitglied der Afro-Cuban Allstars, der sieben Jahre mit dem Buena Vista Social Club auf Tournee war, trugen zur Entscheidung bei. <\/p>\n<p>Cl\u00e1sicos Latinos verfolgt zwei Hauptziele: das reiche Erbe der Musik Lateinamerikas zu bewahren sowie neuen, frischen Talenten einen Karrierestart au\u00dferhalb ihrer Herkunftsl\u00e4nder zu erm\u00f6glichen. Ein wichtiger Faktor dabei: Guti\u00e9rrez arbeitet eng mit Memo Rhein zusammen und agiert vor Ort als Agent und A&#038;R f\u00fcr das Label. <\/p>\n<p>K\u00fcnstliche Genregrenzen existieren bei Cl\u00e1sicos Latinos nicht \u2013 welche K\u00fcnstler*innen Memo Rhein \u00fcberzeugen, werden unter Vertrag genommen. Sieben Ver\u00f6ffentlichungen gab es bislang und die Palette reicht vom Nahui Cuarteto De Saxofones mit ihrer ungew\u00f6hnlichen Mischung aus popul\u00e4ren St\u00fccken und Jazz \u00fcber den Oaxaca-Balkan-Second-Line-Brass der mexikanischen Gruppe Los Rurales bis zum ausschlie\u00dflich weiblich besetzten Streicherensemble Camerata Romeu, das sich fast drei Jahrzehnten den Werken lateinamerikanischer Komponist*innen widmet, einer Big Band um Ra\u00fal Guti\u00e9rrez, die den \u201eK\u00f6nig des Mambo\u201c Perez Prado feiert, oder dem klassischen Gitarrenduo Coincidencia. <\/p>\n<p>Mit einem Album des Gitarrenvirtuosen Alejandro Valdes und seinem Projekt Alejandro Vald\u00e9s y Palo de Agua und des schon in jungen Jahren preisgekr\u00f6nten K\u00fcnstlers Noslen Noel, der mit seiner kubanischen Laute klassische Stile wie den kubanischen Flamenco und de Son neu interpretiert, folgen im Sommer 2021 zwei Deb\u00fctalben mit den Nummern 08 und 09 des Labels. <\/p>\n<p><strong>Weitere Informationen:<\/strong><br \/>\n<a href=\"http:\/\/clasicoslatinos.com\/\" rel=\"noopener\" target=\"_blank\">http:\/\/clasicoslatinos.com\/<\/a><\/p>\n","protected":false},"excerpt":{"rendered":"<p>Alejandro Vald\u00e9s gilt als einer der besten Flamenco-Gitarristen Kubas und mit seiner 2016 gegr\u00fcndeten Gruppe Alejandro Vald\u00e9s y Palo de Agua sorgt der Musiker, Komponist und Produzent in seinem Heimatland mit dem von ihm so benannten \u201eNew Cuban Flamenco\u201c seit ihren ersten Konzert- und Fernsehauftritten f\u00fcr Furore. Mit Calles del Olvido wird am 25.06.2021 das Deb\u00fctalbum des preisgekr\u00f6nten Ensembles ver\u00f6ffentlicht. Zwei Jahre Arbeit stecken in den Aufnahmen und das Album &hellip; <a href=\"https:\/\/www.ub-comm.de\/?p=5986\">Weiterlesen <span class=\"meta-nav\">&rarr;<\/span><\/a><\/p>\n","protected":false},"author":3,"featured_media":5987,"comment_status":"closed","ping_status":"open","sticky":false,"template":"","format":"standard","meta":{"footnotes":""},"categories":[1],"tags":[5878,5873,5875,5876,5882,5885,5884,5880,858,5883,5877,2810,5881,5879,5886,5887,5874,5525],"class_list":["post-5986","post","type-post","status-publish","format-standard","has-post-thumbnail","hentry","category-news-tour-dates","tag-alejandro-ricardo-serrano-iglesias","tag-alejandro-valdes","tag-alejandro-valdes-y-palo-de-agua","tag-calles-del-olvido","tag-carlos-javier-navarro-reyes","tag-clasicos-latinos","tag-cugate","tag-erick-castro-rojas","tag-flamenco","tag-iriela-beatriz-rech-de-armas","tag-jaleos-dayan-reyes-carreras","tag-kuba","tag-leandro-cobas-perez","tag-luis-armando-perez-basterrechea","tag-memo-rhein","tag-noslen-noel","tag-palo-de-agua","tag-raul-gutierrez"],"_links":{"self":[{"href":"https:\/\/www.ub-comm.de\/index.php?rest_route=\/wp\/v2\/posts\/5986","targetHints":{"allow":["GET"]}}],"collection":[{"href":"https:\/\/www.ub-comm.de\/index.php?rest_route=\/wp\/v2\/posts"}],"about":[{"href":"https:\/\/www.ub-comm.de\/index.php?rest_route=\/wp\/v2\/types\/post"}],"author":[{"embeddable":true,"href":"https:\/\/www.ub-comm.de\/index.php?rest_route=\/wp\/v2\/users\/3"}],"replies":[{"embeddable":true,"href":"https:\/\/www.ub-comm.de\/index.php?rest_route=%2Fwp%2Fv2%2Fcomments&post=5986"}],"version-history":[{"count":0,"href":"https:\/\/www.ub-comm.de\/index.php?rest_route=\/wp\/v2\/posts\/5986\/revisions"}],"wp:featuredmedia":[{"embeddable":true,"href":"https:\/\/www.ub-comm.de\/index.php?rest_route=\/wp\/v2\/media\/5987"}],"wp:attachment":[{"href":"https:\/\/www.ub-comm.de\/index.php?rest_route=%2Fwp%2Fv2%2Fmedia&parent=5986"}],"wp:term":[{"taxonomy":"category","embeddable":true,"href":"https:\/\/www.ub-comm.de\/index.php?rest_route=%2Fwp%2Fv2%2Fcategories&post=5986"},{"taxonomy":"post_tag","embeddable":true,"href":"https:\/\/www.ub-comm.de\/index.php?rest_route=%2Fwp%2Fv2%2Ftags&post=5986"}],"curies":[{"name":"wp","href":"https:\/\/api.w.org\/{rel}","templated":true}]}}