{"id":520,"date":"2011-08-24T12:07:07","date_gmt":"2011-08-24T10:07:07","guid":{"rendered":"http:\/\/www.ub-comm.de\/?p=520"},"modified":"2018-05-01T15:07:30","modified_gmt":"2018-05-01T13:07:30","slug":"maia-vidal-album-am-18-november-2011-bei-crammed-discs","status":"publish","type":"post","link":"https:\/\/www.ub-comm.de\/?p=520","title":{"rendered":"Ma\u00efa Vidal Album am 18. November 2011 bei Crammed Discs"},"content":{"rendered":"<p>Ma\u00efa Vidal besitzt eine dieser unwiderstehlichen Stimmen, die gleichzeitig stark, unfassbar zart und mit einem unverkennbaren Timbre ausgestattet ist. Diese Stimme setzt sie auch auf ihrem neuen Album <em>God Is My Bike<\/em> ein, das am 18. November 2011 bei Crammed Discs im Vertrieb von Indigo (CD) und PIAS (digital) ver\u00f6ffentlicht wird. <\/p>\n<p>Ma\u00efas Vater stammt aus Frankreich, ihre Mutter ist US-Amerikanerin und so wurde Ma\u00efa in den USA geboren und pendelt zwischen New York, Paris und Barcelona, wo sie jeweils einen Teil ihrer Zeit verbringt. Auf dem irgendwo zwischen Indiepop, Chanson, Singer-Songwriter-Melancholie und Zirkusmelodien verorteten <em>God Is My Bike<\/em>, das in Barcelona aufgenommen und von Giuliano Gius Cobelli koproduziert wurde, hat sie au\u00dfer den Vocals und Backing Vocals Violine, Akkordeon, akustische und E-Gitarre, Xylophon, Kinderklavier und Blockfl\u00f6te gespielt.<\/p>\n<p>Am Bass ist Alberto Perez zu h\u00f6ren, an der Trompete und am Schlagzeug Giuliano Gius Cobelli; last but not least spielt Marc Ribot bei zwei Tracks mit: auf dem Titelst\u00fcck spielt er akustische und E-Gitarre, Banjo und E-Mandoline und bei &#8222;Le Tango de la Femme Abendonn\u00e9e&#8220; E-Gitarre.<\/p>\n<div class=\"brlbs-cmpnt-container brlbs-cmpnt-content-blocker brlbs-cmpnt-with-individual-styles\" data-borlabs-cookie-content-blocker-id=\"youtube-content-blocker\" data-borlabs-cookie-content=\"PGlmcmFtZSB3aWR0aD0iNjQwIiBoZWlnaHQ9IjM2MCIgc3JjPSJodHRwczovL3d3dy55b3V0dWJlLW5vY29va2llLmNvbS9lbWJlZC8xY19yWTR1T0NTWT9yZWw9MCIgZnJhbWVib3JkZXI9IjAiIGFsbG93PSJhdXRvcGxheTsgZW5jcnlwdGVkLW1lZGlhIiBhbGxvd2Z1bGxzY3JlZW4+PC9pZnJhbWU+\">\n<div class=\"brlbs-cmpnt-cb-preset-c brlbs-cmpnt-cb-youtube\">\n<div class=\"brlbs-cmpnt-cb-thumbnail\" style=\"background-image: url('https:\/\/www.ub-comm.de\/wp-content\/uploads\/borlabs-cookie\/1\/yt_1c_rY4uOCSY_hqdefault.jpg')\"><\/div>\n<div class=\"brlbs-cmpnt-cb-main\">\n<div class=\"brlbs-cmpnt-cb-play-button\"><\/div>\n<div class=\"brlbs-cmpnt-cb-content\">\n<p class=\"brlbs-cmpnt-cb-description\">Sie sehen gerade einen Platzhalterinhalt von <strong>YouTube<\/strong>. Um auf den eigentlichen Inhalt zuzugreifen, klicken Sie auf die Schaltfl\u00e4che unten. Bitte beachten Sie, dass dabei Daten an Drittanbieter weitergegeben werden.<\/p>\n<p> <a class=\"brlbs-cmpnt-cb-provider-toggle\" href=\"#\" data-borlabs-cookie-show-provider-information role=\"button\">Mehr Informationen<\/a> <\/div>\n<div class=\"brlbs-cmpnt-cb-buttons\"> <a class=\"brlbs-cmpnt-cb-btn\" href=\"#\" data-borlabs-cookie-unblock role=\"button\">Inhalt entsperren<\/a> <a class=\"brlbs-cmpnt-cb-btn\" href=\"#\" data-borlabs-cookie-accept-service role=\"button\" style=\"display: inherit\">Erforderlichen Service akzeptieren und Inhalte entsperren<\/a> <\/div>\n<\/p><\/div>\n<\/p><\/div>\n<\/div>\n<p>Bevor sie zu ihrem 23. Geburtstag beschloss, fortan unter ihrem richtigen Namen aufzutreten, hatte Ma\u00efa Vidal als &#8218;Your Kid Sister&#8216; eine Coverband, die ausschlie\u00dflich Titel ihrer Teenager-Lieblings-Punkband Rancid in einem komplett neuen Gewand pr\u00e4sentierte &#8211; als verf\u00fchrerisch gespenstische Wiegenlieder, todtraurige Walzer oder Gospel Bossa Novas. Eine EP unter dem Namen &#8222;Poison&#8220; entstand in dieser Zeit und sie startete einen erfolgreichen youtube-Kanal, in dem man u.a. den Titelsong findet. <\/p>\n<p>Ma\u00efa Vidal lebt ab Anfang September f\u00fcr die kommenden Monate in Europa. Eine Interviewreise sowie eine Tournee sind in Vorbereitung. Erste Termine in den europ\u00e4ischen Nachbarl\u00e4ndern und in Berlin sind schon best\u00e4tigt:<\/p>\n<p>01\/09\/2011 FR Verneuil sur Avre \/ Le Silo<br \/>\n14\/09\/2011 FR Paris \/ La Boule Noire<br \/>\n24\/09\/2011 ES Barcelona \/ BAM Festival<br \/>\n05\/10\/2011 BE Br\u00fcssel \/ Le Botanique (Rotonde) (mit Woodkid)<br \/>\n07\/10\/2011 FR Caen \/ Festival Nordik Impakt<br \/>\n08\/10\/2011 PT Lissabon \/ Teatro Municipal Sao Luiz<br \/>\n09\/102011 GER Berlin \/ Babylon (mit Woodkid)<br \/>\n11\/10\/2011 GB London \/ Bush Hall (mit Woodkid)<br \/>\n19\/10\/2011 FR Paris \/ L&#8217;International<br \/>\n21\/10\/2011 FR Paris \/ Le MaMA<br \/>\n11\/11\/2011 FR St Lo \/ Festival Rendez-vous Sonique w\/ Asaf Avidan<br \/>\n16\/12\/2011 FR Maubec \/ La Gare w\/ Roken is Dodeljik<\/p>\n<p>Weitere Informationen zu Ma\u00efa Vidal findet man hier:<\/p>\n<p><a href=\"http:\/\/www.maiavidal.com\" target=\"_blank\">http:\/\/www.maiavidal.com<\/a><br \/>\n<a href=\"http:\/\/www.myspace.com\/maiavidal\" target=\"_blank\">http:\/\/www.myspace.com\/maiavidal<\/a><br \/>\n<a href=\"http:\/\/www.youtube.com\/ifoundamaia\" target=\"_blank\">http:\/\/www.youtube.com\/ifoundamaia<\/a><br \/>\n<a href=\"http:\/\/www.facebook.com\/maiavidal\" target=\"_blank\">http:\/\/www.facebook.com\/maiavidal<\/a><br \/>\n<a href=\"http:\/\/twitter.com\/#!\/maiavidal\" target=\"_blank\">http:\/\/twitter.com\/#!\/maiavidal<\/a><br \/>\n<a href=\"http:\/\/www.crammed.be\" target=\"_blank\">http:\/\/www.crammed.be<\/a><\/p>\n","protected":false},"excerpt":{"rendered":"<p>Ma\u00efa Vidal besitzt eine dieser unwiderstehlichen Stimmen, die gleichzeitig stark, unfassbar zart und mit einem unverkennbaren Timbre ausgestattet ist. Diese Stimme setzt sie auch auf ihrem neuen Album God Is My Bike ein, das am 18. November 2011 bei Crammed Discs im Vertrieb von Indigo (CD) und PIAS (digital) ver\u00f6ffentlicht wird. Ma\u00efas Vater stammt aus Frankreich, ihre Mutter ist US-Amerikanerin und so wurde Ma\u00efa in den USA geboren und pendelt &hellip; <a href=\"https:\/\/www.ub-comm.de\/?p=520\">Weiterlesen <span class=\"meta-nav\">&rarr;<\/span><\/a><\/p>\n","protected":false},"author":3,"featured_media":3595,"comment_status":"closed","ping_status":"open","sticky":false,"template":"","format":"standard","meta":{"footnotes":""},"categories":[1],"tags":[213,35,212,214,216,209,211,215,217,218,210],"class_list":["post-520","post","type-post","status-publish","format-standard","has-post-thumbnail","hentry","category-news-tour-dates","tag-alberto-perez","tag-crammed-discs","tag-giuliano-gius-cobelli","tag-god-is-my-bike","tag-le-tango-de-la-femme-abendonnee","tag-maia-vidal","tag-marc-ribot","tag-poison","tag-rancid-cover","tag-woodkid-support","tag-your-kid-sister"],"_links":{"self":[{"href":"https:\/\/www.ub-comm.de\/index.php?rest_route=\/wp\/v2\/posts\/520","targetHints":{"allow":["GET"]}}],"collection":[{"href":"https:\/\/www.ub-comm.de\/index.php?rest_route=\/wp\/v2\/posts"}],"about":[{"href":"https:\/\/www.ub-comm.de\/index.php?rest_route=\/wp\/v2\/types\/post"}],"author":[{"embeddable":true,"href":"https:\/\/www.ub-comm.de\/index.php?rest_route=\/wp\/v2\/users\/3"}],"replies":[{"embeddable":true,"href":"https:\/\/www.ub-comm.de\/index.php?rest_route=%2Fwp%2Fv2%2Fcomments&post=520"}],"version-history":[{"count":0,"href":"https:\/\/www.ub-comm.de\/index.php?rest_route=\/wp\/v2\/posts\/520\/revisions"}],"wp:featuredmedia":[{"embeddable":true,"href":"https:\/\/www.ub-comm.de\/index.php?rest_route=\/wp\/v2\/media\/3595"}],"wp:attachment":[{"href":"https:\/\/www.ub-comm.de\/index.php?rest_route=%2Fwp%2Fv2%2Fmedia&parent=520"}],"wp:term":[{"taxonomy":"category","embeddable":true,"href":"https:\/\/www.ub-comm.de\/index.php?rest_route=%2Fwp%2Fv2%2Fcategories&post=520"},{"taxonomy":"post_tag","embeddable":true,"href":"https:\/\/www.ub-comm.de\/index.php?rest_route=%2Fwp%2Fv2%2Ftags&post=520"}],"curies":[{"name":"wp","href":"https:\/\/api.w.org\/{rel}","templated":true}]}}